{"id":229150,"date":"2023-02-07T11:48:04","date_gmt":"2023-02-07T14:48:04","guid":{"rendered":"https:\/\/www.redenoticia.com.br\/noticia\/?p=229150"},"modified":"2023-02-07T11:48:04","modified_gmt":"2023-02-07T14:48:04","slug":"resumo-poliana-moca-08-02-tania-ameaca-luca","status":"publish","type":"post","link":"https:\/\/migracao.redenoticia.com.br\/noticia\/2023\/resumo-poliana-moca-08-02-tania-ameaca-luca\/229150","title":{"rendered":"Resumo \u201cPoliana Mo\u00e7a\u201d 08\/02: T\u00e2nia amea\u00e7a Luca"},"content":{"rendered":"<p> <img loading=\"lazy\" decoding=\"async\" class=\"aligncenter size-full wp-image-217353\" src=\"https:\/\/migracao.redenoticia.com.br\/noticia\/imagens\/poliana_moca_elenco.jpg\" alt=\"\" width=\"1280\" height=\"720\" srcset=\"https:\/\/migracao.redenoticia.com.br\/noticia\/imagens\/poliana_moca_elenco.jpg 1280w, https:\/\/migracao.redenoticia.com.br\/noticia\/imagens\/poliana_moca_elenco-250x140.jpg 250w, https:\/\/migracao.redenoticia.com.br\/noticia\/imagens\/poliana_moca_elenco-400x225.jpg 400w, https:\/\/migracao.redenoticia.com.br\/noticia\/imagens\/poliana_moca_elenco-768x432.jpg 768w, https:\/\/migracao.redenoticia.com.br\/noticia\/imagens\/poliana_moca_elenco-150x84.jpg 150w\" sizes=\"auto, (max-width: 1280px) 100vw, 1280px\" \/><\/p>\n<p><strong><em>Resumo da novela \u201cPoliana Mo\u00e7a\u201d<\/em><\/strong> em 08\/02: no cap\u00edtulo 233(*) da novela, Roger invade a Luc4Tech e alega que o Luca \u00e9 um traidor. T\u00e2nia amea\u00e7a ligar para pol\u00edcia e entregar Roger se ele n\u00e3o sair do local. T\u00e2nia revela que conseguiu o projeto do LUC2 invadindo o sistema de Otto. T\u00e2nia conta para Luca que quer vender a c\u00f3pia do LUC2 para ele. Joana pergunta para Mario sobre Ben\u00edcio, e ele conta tudo. Joana diz que vai repassar para Claudia. T\u00e2nia amea\u00e7a Luca para fechar neg\u00f3cio e lan\u00e7ar o LUC2. Em conversa com Ruth, Jo\u00e3o afirma que quer provar que o livro era do pai. Ruth lembra que o pai dele mandava os manuscritos para si mesmo.<\/p>\n<p>Joana conta tudo pra Claudia sobre Ben\u00edcio. Na escola, Hel\u00f4 passa para Henrique passo a passo do que ele vai fazer no cargo. Jo\u00e3o pede ajuda de Poliana para investigar sobre o passado do pai. Gl\u00f3ria toma susto com Pin\u00f3quio. Hel\u00f4 apresenta o col\u00e9gio para Henrique. Celeste pergunta para T\u00e2nia se ela j\u00e1 foi atr\u00e1s de algu\u00e9m que sabe mexer no hardware para o LUC2. A turma do colegial acha o novo bedel estranho, j\u00e1 que ele sempre est\u00e1 por perto.<\/p>\n<p>Luca expressa a Celeste que s\u00f3 n\u00e3o a demite por n\u00e3o ter op\u00e7\u00e3o diante das amea\u00e7as de T\u00e2nia. Celeste se joga em cima de Luca e tenta beij\u00e1-lo. Brenda nota esse momento. Durval pergunta para Andr\u00e9 se ele vai assumir algo mais s\u00e9rio com Raquel. Sem mem\u00f3ria, Pin\u00f3quio n\u00e3o se lembra de Jo\u00e3o e pergunta se ele e Poliana s\u00e3o namorados. Roger, Waldisney e Violeta pedem para Valdin\u00e9ia investir neles para obterem acesso \u00e0 mem\u00f3ria do androide, conseguir provas contra T\u00e2nia e chantage\u00e1-la. Valdineia n\u00e3o concorda.<\/p>\n<p>(*) edi\u00e7\u00e3o das novelas do SBT, \u201cPoliana Mo\u00e7a\u201d, sujeito a altera\u00e7\u00e3o de data e conte\u00fado.<\/p>\n<p>Sinopse \u201cPoliana Mo\u00e7a\u201d: Poliana (Sophia Valverde), agora com 15 anos, precisa enfrentar os dilemas t\u00edpicos da adolesc\u00eancia, como os dramas escolares, os planos para o futuro e a descoberta do amor entre o ex-valent\u00e3o Eric (Lucas Burgatti) e seu melhor amigo Jo\u00e3o (Igor Jansen), encontrando em Helena (Lu\u00edsa Bresser) uma rival no cora\u00e7\u00e3o dos dois.<\/p>\n","protected":false},"excerpt":{"rendered":"<p>Resumo da novela \u201cPoliana Mo\u00e7a\u201d em 08\/02: no cap\u00edtulo 233(*) da novela, Roger invade a Luc4Tech e alega que o Luca \u00e9 um traidor. T\u00e2nia amea\u00e7a ligar para pol\u00edcia e entregar Roger se ele n\u00e3o sair do local. T\u00e2nia revela que conseguiu o projeto do LUC2 invadindo o sistema de Otto. T\u00e2nia conta para Luca [&hellip;]<\/p>\n","protected":false},"author":2,"featured_media":217354,"comment_status":"closed","ping_status":"closed","sticky":false,"template":"","format":"standard","meta":{"tdm_status":"","tdm_grid_status":"","footnotes":""},"categories":[379,2259,2025,372,343],"tags":[441],"class_list":{"0":"post-229150","1":"post","2":"type-post","3":"status-publish","4":"format-standard","5":"has-post-thumbnail","7":"category-novelas","8":"category-poliana-moca","9":"category-resumo","10":"category-sbt","11":"category-televisao","12":"tag-resumo-do-dia"},"_links":{"self":[{"href":"https:\/\/migracao.redenoticia.com.br\/noticia\/wp-json\/wp\/v2\/posts\/229150","targetHints":{"allow":["GET"]}}],"collection":[{"href":"https:\/\/migracao.redenoticia.com.br\/noticia\/wp-json\/wp\/v2\/posts"}],"about":[{"href":"https:\/\/migracao.redenoticia.com.br\/noticia\/wp-json\/wp\/v2\/types\/post"}],"author":[{"embeddable":true,"href":"https:\/\/migracao.redenoticia.com.br\/noticia\/wp-json\/wp\/v2\/users\/2"}],"replies":[{"embeddable":true,"href":"https:\/\/migracao.redenoticia.com.br\/noticia\/wp-json\/wp\/v2\/comments?post=229150"}],"version-history":[{"count":0,"href":"https:\/\/migracao.redenoticia.com.br\/noticia\/wp-json\/wp\/v2\/posts\/229150\/revisions"}],"wp:featuredmedia":[{"embeddable":true,"href":"https:\/\/migracao.redenoticia.com.br\/noticia\/wp-json\/wp\/v2\/media\/217354"}],"wp:attachment":[{"href":"https:\/\/migracao.redenoticia.com.br\/noticia\/wp-json\/wp\/v2\/media?parent=229150"}],"wp:term":[{"taxonomy":"category","embeddable":true,"href":"https:\/\/migracao.redenoticia.com.br\/noticia\/wp-json\/wp\/v2\/categories?post=229150"},{"taxonomy":"post_tag","embeddable":true,"href":"https:\/\/migracao.redenoticia.com.br\/noticia\/wp-json\/wp\/v2\/tags?post=229150"}],"curies":[{"name":"wp","href":"https:\/\/api.w.org\/{rel}","templated":true}]}}