{"id":229156,"date":"2023-02-07T11:56:10","date_gmt":"2023-02-07T14:56:10","guid":{"rendered":"https:\/\/www.redenoticia.com.br\/noticia\/?p=229156"},"modified":"2023-02-07T11:56:10","modified_gmt":"2023-02-07T14:56:10","slug":"resumo-mar-do-sertao-08-02-firmino-aceita-a-sugestao-de-timbo","status":"publish","type":"post","link":"https:\/\/migracao.redenoticia.com.br\/noticia\/2023\/resumo-mar-do-sertao-08-02-firmino-aceita-a-sugestao-de-timbo\/229156","title":{"rendered":"Resumo &#8220;Mar do Sert\u00e3o&#8221; 08\/02: Firmino aceita a sugest\u00e3o de Timb\u00f3"},"content":{"rendered":"<p> <img loading=\"lazy\" decoding=\"async\" class=\"aligncenter size-full wp-image-223085\" src=\"https:\/\/migracao.redenoticia.com.br\/noticia\/imagens\/mar_sertao1.jpg\" alt=\"\" width=\"1280\" height=\"720\" srcset=\"https:\/\/migracao.redenoticia.com.br\/noticia\/imagens\/mar_sertao1.jpg 1280w, https:\/\/migracao.redenoticia.com.br\/noticia\/imagens\/mar_sertao1-250x140.jpg 250w, https:\/\/migracao.redenoticia.com.br\/noticia\/imagens\/mar_sertao1-400x225.jpg 400w, https:\/\/migracao.redenoticia.com.br\/noticia\/imagens\/mar_sertao1-768x432.jpg 768w, https:\/\/migracao.redenoticia.com.br\/noticia\/imagens\/mar_sertao1-150x84.jpg 150w\" sizes=\"auto, (max-width: 1280px) 100vw, 1280px\" \/><\/p>\n<p><strong><em>Resumo da novela &#8220;Mar do Sert\u00e3o&#8221;<\/em><\/strong> em 08\/02: no cap\u00edtulo 147(*) da novela, Candoca decide ser a consultora de Firmino. Floro nomeia Deodora como diretora de obras. Dagmar pensa no Coronel. Candoca, Maruan e Firmino conversam sobre a retomada dos projetos que trar\u00e3o benef\u00edcios para Canta Pedra. Jos\u00e9 leva Candoca para ver a casa do Catende terminada. <\/p>\n<p>Omar e sua comitiva se despedem de Maruan, Labibe, Zahym, Latifa, Timb\u00f3 e sua fam\u00edlia. Candoca encoraja Firmino a n\u00e3o desistir de Lorena. O Coronel fica animado ao saber que a pastora Dagmar pode se casar. Firmino aceita a sugest\u00e3o de Timb\u00f3 e contrata Tom\u00e1s como diretor financeiro. Xaviera se aconselha com Ism\u00eania. Timb\u00f3 inaugura sua plataforma petrol\u00edfera. <\/p>\n<p>(*) edi\u00e7\u00e3o das novelas da Globo, &#8220;Mar do Sert\u00e3o&#8221;, sujeito a altera\u00e7\u00e3o de data e conte\u00fado.<\/p>\n<p>Sinopse &#8220;Mar do Sert\u00e3o&#8221;: Em um Brasil onde o sol nasce com toda sua intensidade a cada dia est\u00e1 a pequena Canta Pedra. Um lugar que, segundo contam, j\u00e1 foi mar e virou sert\u00e3o. Candoca (Isadora Cruz) e Z\u00e9 Paulino (Sergio Guiz\u00e9) est\u00e3o noivos. O problema \u00e9 que o coronel Tert\u00falio (Jos\u00e9 de Abreu) \u2013 dono da Fazenda Palmeiral \u2013 d\u00e1 ordem para que Z\u00e9 Paulino leve um cavalo at\u00e9 uma outra cidade justamente na data em que a cerim\u00f4nia est\u00e1 marcada.<\/p>\n<p>Enquanto isso, Tertulinho (Renato G\u00f3es), retorna a Canta Pedra depois de uma longa temporada na capital. Ao reencontrar Candoca, o encantamento dele \u00e9 imediato. E, mesmo quando fica sabendo que a jovem \u00e9 noiva de Z\u00e9 Paulino, Tertulinho ainda tenta dar suas investidas. \u00c9 a\u00ed que o destino vai agir.<\/p>\n","protected":false},"excerpt":{"rendered":"<p>Resumo da novela &#8220;Mar do Sert\u00e3o&#8221; em 08\/02: no cap\u00edtulo 147(*) da novela, Candoca decide ser a consultora de Firmino. Floro nomeia Deodora como diretora de obras. Dagmar pensa no Coronel. Candoca, Maruan e Firmino conversam sobre a retomada dos projetos que trar\u00e3o benef\u00edcios para Canta Pedra. Jos\u00e9 leva Candoca para ver a casa do [&hellip;]<\/p>\n","protected":false},"author":2,"featured_media":223084,"comment_status":"closed","ping_status":"closed","sticky":false,"template":"","format":"standard","meta":{"tdm_status":"","tdm_grid_status":"","footnotes":""},"categories":[2287,379,375,2025,343],"tags":[441],"class_list":{"0":"post-229156","1":"post","2":"type-post","3":"status-publish","4":"format-standard","5":"has-post-thumbnail","7":"category-mar-do-sertao","8":"category-novelas","9":"category-rede-globo","10":"category-resumo","11":"category-televisao","12":"tag-resumo-do-dia"},"_links":{"self":[{"href":"https:\/\/migracao.redenoticia.com.br\/noticia\/wp-json\/wp\/v2\/posts\/229156","targetHints":{"allow":["GET"]}}],"collection":[{"href":"https:\/\/migracao.redenoticia.com.br\/noticia\/wp-json\/wp\/v2\/posts"}],"about":[{"href":"https:\/\/migracao.redenoticia.com.br\/noticia\/wp-json\/wp\/v2\/types\/post"}],"author":[{"embeddable":true,"href":"https:\/\/migracao.redenoticia.com.br\/noticia\/wp-json\/wp\/v2\/users\/2"}],"replies":[{"embeddable":true,"href":"https:\/\/migracao.redenoticia.com.br\/noticia\/wp-json\/wp\/v2\/comments?post=229156"}],"version-history":[{"count":0,"href":"https:\/\/migracao.redenoticia.com.br\/noticia\/wp-json\/wp\/v2\/posts\/229156\/revisions"}],"wp:featuredmedia":[{"embeddable":true,"href":"https:\/\/migracao.redenoticia.com.br\/noticia\/wp-json\/wp\/v2\/media\/223084"}],"wp:attachment":[{"href":"https:\/\/migracao.redenoticia.com.br\/noticia\/wp-json\/wp\/v2\/media?parent=229156"}],"wp:term":[{"taxonomy":"category","embeddable":true,"href":"https:\/\/migracao.redenoticia.com.br\/noticia\/wp-json\/wp\/v2\/categories?post=229156"},{"taxonomy":"post_tag","embeddable":true,"href":"https:\/\/migracao.redenoticia.com.br\/noticia\/wp-json\/wp\/v2\/tags?post=229156"}],"curies":[{"name":"wp","href":"https:\/\/api.w.org\/{rel}","templated":true}]}}