{"id":22920,"date":"2010-02-03T09:34:43","date_gmt":"2010-02-03T13:34:43","guid":{"rendered":"http:\/\/www.redenoticia.com.br\/noticia\/?p=22920"},"modified":"2010-02-03T09:34:43","modified_gmt":"2010-02-03T13:34:43","slug":"inscricao-enem-no-sisu-ate-0302-tera-resultado-na-sexta-feira-05","status":"publish","type":"post","link":"https:\/\/migracao.redenoticia.com.br\/noticia\/2010\/inscricao-enem-no-sisu-ate-0302-tera-resultado-na-sexta-feira-05\/22920","title":{"rendered":"Inscri\u00e7\u00e3o Enem no SISU at\u00e9 03\/02 ter\u00e1 resultado na sexta-feira (05)"},"content":{"rendered":"<p><img loading=\"lazy\" decoding=\"async\" class=\"alignleft size-full wp-image-22752\" title=\"sisu enem mec\" src=\"https:\/\/migracao.redenoticia.com.br\/noticia\/imagens\/sisu-enem-mec.jpg\" alt=\"\" width=\"300\" height=\"193\" srcset=\"https:\/\/migracao.redenoticia.com.br\/noticia\/imagens\/sisu-enem-mec.jpg 300w, https:\/\/migracao.redenoticia.com.br\/noticia\/imagens\/sisu-enem-mec-250x161.jpg 250w, https:\/\/migracao.redenoticia.com.br\/noticia\/imagens\/sisu-enem-mec-150x97.jpg 150w\" sizes=\"auto, (max-width: 300px) 100vw, 300px\" \/>SISU &#8211; os alunos que fizeram o <strong><em>Enem 2009<\/em><\/strong> podem se inscrever no sistema de sele\u00e7\u00e3o unificada <strong><em>SISU<\/em><\/strong>, no endere\u00e7o <a href=\"http:\/\/sisu.mec.gov.br\/index.html\" target=\"_blank\">http:\/\/sisu.mec.gov.br\/index.html<\/a>, at\u00e9 \u00e0s 23h59 desta quarta-feira (03\/02). At\u00e9 as 19h30 da ter\u00e7a-feira, 632 mil candidatos j\u00e1 tinham efetuado inscri\u00e7\u00e3o no SISU e v\u00e3o concorrer a uma vaga de gradua\u00e7\u00e3o em uma das 51 institui\u00e7\u00f5es p\u00fablicas de educa\u00e7\u00e3o superior, que oferecem 47,9 mil vagas em cursos de bacharelados, licenciaturas e tecnol\u00f3gicos. Segundo o cronograma divulgado pelo MEC SISU, o <strong><em>resultado<\/em><\/strong> da primeira etapa ser\u00e1 divulgado no dia 05\/02, e a matr\u00edcula dos candidatos <strong><em>Enem<\/em><\/strong> selecionados devem ser feitas at\u00e9 12\/02.<\/p>\n<p>Segundo o cronograma, no dia 15\/02 o sistema SISU iniciar\u00e1 uma segunda etapa de inscri\u00e7\u00f5es, caso haja matr\u00edculas n\u00e3o efetivadas de alunos Enem inscritos e selecionados na primeira fase. Nesta segunda etapa, o resultado da inscri\u00e7\u00e3o ser\u00e1 divulgado dia 22\/02, e a matr\u00edcula ser\u00e1 de 23 a 26\/02. Se ainda houver vaga, em mar\u00e7o poder\u00e1 ter uma terceira etapa, prevista para inicio em 01\/03, e Resultado em 05\/03\/2010.<\/p>\n<p>O estudante Enem que ainda vai se inscrever no SISU deve ANTES consultar a nota de corte atualizada, no mesmo endere\u00e7o <a href=\"http:\/\/sisu.mec.gov.br\/index.htm\" target=\"_blank\">http:\/\/sisu.mec.gov.br\/index.htm<\/a>. O candidato tamb\u00e9m pode \u00a0<a href=\"http:\/\/portal.mec.gov.br\/index.php?option=com_docman&amp;task=doc_download&amp;gid=2916&amp;Itemid=\" target=\"_blank\">conferir<\/a> o n\u00famero de inscritos por curso.<\/p>\n<p>O estudante Enem que j\u00e1 se inscreveu deve consultar a nota de corte e, se necess\u00e1rio, fazer ajuste na op\u00e7\u00e3o de curso e institui\u00e7\u00e3o, antes do fechamento do sistema.<\/p>\n<p>fonte &#8211; SISU MEC<\/p>\n","protected":false},"excerpt":{"rendered":"<p>SISU &#8211; os alunos que fizeram o Enem 2009 podem se inscrever no sistema de sele\u00e7\u00e3o unificada SISU, no endere\u00e7o http:\/\/sisu.mec.gov.br\/index.html, at\u00e9 \u00e0s 23h59 desta quarta-feira (03\/02). At\u00e9 as 19h30 da ter\u00e7a-feira, 632 mil candidatos j\u00e1 tinham efetuado inscri\u00e7\u00e3o no SISU e v\u00e3o concorrer a uma vaga de gradua\u00e7\u00e3o em uma das 51 institui\u00e7\u00f5es p\u00fablicas [&hellip;]<\/p>\n","protected":false},"author":3,"featured_media":22752,"comment_status":"open","ping_status":"open","sticky":false,"template":"","format":"standard","meta":{"tdm_status":"","tdm_grid_status":"","footnotes":""},"categories":[22,370,295],"tags":[],"class_list":{"0":"post-22920","1":"post","2":"type-post","3":"status-publish","4":"format-standard","5":"has-post-thumbnail","7":"category-brasil","8":"category-inscricao","9":"category-vestibular"},"_links":{"self":[{"href":"https:\/\/migracao.redenoticia.com.br\/noticia\/wp-json\/wp\/v2\/posts\/22920","targetHints":{"allow":["GET"]}}],"collection":[{"href":"https:\/\/migracao.redenoticia.com.br\/noticia\/wp-json\/wp\/v2\/posts"}],"about":[{"href":"https:\/\/migracao.redenoticia.com.br\/noticia\/wp-json\/wp\/v2\/types\/post"}],"author":[{"embeddable":true,"href":"https:\/\/migracao.redenoticia.com.br\/noticia\/wp-json\/wp\/v2\/users\/3"}],"replies":[{"embeddable":true,"href":"https:\/\/migracao.redenoticia.com.br\/noticia\/wp-json\/wp\/v2\/comments?post=22920"}],"version-history":[{"count":0,"href":"https:\/\/migracao.redenoticia.com.br\/noticia\/wp-json\/wp\/v2\/posts\/22920\/revisions"}],"wp:featuredmedia":[{"embeddable":true,"href":"https:\/\/migracao.redenoticia.com.br\/noticia\/wp-json\/wp\/v2\/media\/22752"}],"wp:attachment":[{"href":"https:\/\/migracao.redenoticia.com.br\/noticia\/wp-json\/wp\/v2\/media?parent=22920"}],"wp:term":[{"taxonomy":"category","embeddable":true,"href":"https:\/\/migracao.redenoticia.com.br\/noticia\/wp-json\/wp\/v2\/categories?post=22920"},{"taxonomy":"post_tag","embeddable":true,"href":"https:\/\/migracao.redenoticia.com.br\/noticia\/wp-json\/wp\/v2\/tags?post=22920"}],"curies":[{"name":"wp","href":"https:\/\/api.w.org\/{rel}","templated":true}]}}