{"id":22923,"date":"2010-02-03T10:19:31","date_gmt":"2010-02-03T14:19:31","guid":{"rendered":"http:\/\/www.redenoticia.com.br\/noticia\/?p=22923"},"modified":"2018-08-13T10:50:53","modified_gmt":"2018-08-13T13:50:53","slug":"michel-fala-sobre-karen-e-traicao-apos-eliminacao-de-tessalia-do-bbb10","status":"publish","type":"post","link":"https:\/\/migracao.redenoticia.com.br\/noticia\/2010\/michel-fala-sobre-karen-e-traicao-apos-eliminacao-de-tessalia-do-bbb10\/22923","title":{"rendered":"Michel fala sobre Karen e trai\u00e7\u00e3o, ap\u00f3s elimina\u00e7\u00e3o de Tess\u00e1lia do BBB10"},"content":{"rendered":"<p><img loading=\"lazy\" decoding=\"async\" class=\"alignleft size-full wp-image-22134\" title=\"BBB 10 Rede Globo\" src=\"https:\/\/migracao.redenoticia.com.br\/noticia\/imagens\/BBB-10-Rede-Globo.jpg\" alt=\"\" width=\"300\" height=\"193\" srcset=\"https:\/\/migracao.redenoticia.com.br\/noticia\/imagens\/BBB-10-Rede-Globo.jpg 300w, https:\/\/migracao.redenoticia.com.br\/noticia\/imagens\/BBB-10-Rede-Globo-250x161.jpg 250w, https:\/\/migracao.redenoticia.com.br\/noticia\/imagens\/BBB-10-Rede-Globo-150x97.jpg 150w\" sizes=\"auto, (max-width: 300px) 100vw, 300px\" \/>Logo ap\u00f3s a elimina\u00e7\u00e3o de <strong><em>Tess\u00e1lia<\/em><\/strong> do <strong><em>BBB 10<\/em><\/strong>, com 78% dos votos, <strong><em>Michel <\/em><\/strong>conversa com os amigos do puxadinho (Alex, Uilliam e Elieser) sobre seu relacionamento com <strong><em>Karen Pila<\/em><\/strong>. Michel desabafa que a rela\u00e7\u00e3o estava conturbada e durante confinamento no hotel, antes de entrar na casa BBB 10, j\u00e1 tinha decidido terminar a rela\u00e7\u00e3o. Gostaria de ter falado com Karen, mas n\u00e3o foi permitido uma liga\u00e7\u00e3o. Ele acha que com a <strong><em>trai\u00e7\u00e3o<\/em><\/strong> chocou e magoou muita gente da sua fam\u00edlia e de Karen, a ponto de supor que n\u00e3o vir\u00e1 ningu\u00e9m receb\u00ea-lo quando estiver no pared\u00e3o BBB 10.<\/p>\n<p>Michel tamb\u00e9m comentou que n\u00e3o se arrepende do relacionamento com Tess\u00e1lia durante sua perman\u00eancia no BBB 10, e acha que Karen Pila n\u00e3o teria coragem de falar sobre a trai\u00e7\u00e3o para a imprensa. Depois do desabafo Michel recebeu o apoio dos amigos, que concordaram com a trai\u00e7\u00e3o e suas atitudes, al\u00e9m de ressaltarem que Tess\u00e1lia, do lado de fora, ser\u00e1 importante para perman\u00eancia de Michel no jogo.<\/p>\n<p>Regras do BBB 10 &#8211; os participantes do programa BBB 10, pela primeira vez mais mulheres do que homens, devem conviver diariamente uns com os outros em um ambiente fechado, que nesta edi\u00e7\u00e3o \u00e9 composto por duas casas. Vigiados por c\u00e2meras 24 horas por dia, eles ficam confinados e proibidos de fazer liga\u00e7\u00f5es telef\u00f4nicas, enviar e receber correspond\u00eancias (por carta ou e-mail), assistir televis\u00e3o, ouvir r\u00e1dio ou ler jornais e revistas. A exce\u00e7\u00e3o \u00e0 regra de nenhum contato com o mundo externo fica por conta das conversas que os participantes t\u00eam com o apresentador do BBB 10 Pedro Bial, por meio de uma televis\u00e3o instalada na sala da casa, e de visitas que eles podem receber de convidados especiais, como cantores, atores e apresentadores da Rede Globo. Durante todo o confinamento BBB 10, os participantes s\u00e3o respons\u00e1veis por preparar suas pr\u00f3prias refei\u00e7\u00f5es, lavar a lou\u00e7a e as roupas.<\/p>\n<p>BBB 10<\/p>\n","protected":false},"excerpt":{"rendered":"<p>Logo ap\u00f3s a elimina\u00e7\u00e3o de Tess\u00e1lia do BBB 10, com 78% dos votos, Michel conversa com os amigos do puxadinho (Alex, Uilliam e Elieser) sobre seu relacionamento com Karen Pila. Michel desabafa que a rela\u00e7\u00e3o estava conturbada e durante confinamento no hotel, antes de entrar na casa BBB 10, j\u00e1 tinha decidido terminar a rela\u00e7\u00e3o. [&hellip;]<\/p>\n","protected":false},"author":3,"featured_media":22134,"comment_status":"open","ping_status":"open","sticky":false,"template":"","format":"standard","meta":{"tdm_status":"","tdm_grid_status":"","footnotes":""},"categories":[520,22,375,343],"tags":[],"class_list":{"0":"post-22923","1":"post","2":"type-post","3":"status-publish","4":"format-standard","5":"has-post-thumbnail","7":"category-big-brother-brasil","8":"category-brasil","9":"category-rede-globo","10":"category-televisao"},"_links":{"self":[{"href":"https:\/\/migracao.redenoticia.com.br\/noticia\/wp-json\/wp\/v2\/posts\/22923","targetHints":{"allow":["GET"]}}],"collection":[{"href":"https:\/\/migracao.redenoticia.com.br\/noticia\/wp-json\/wp\/v2\/posts"}],"about":[{"href":"https:\/\/migracao.redenoticia.com.br\/noticia\/wp-json\/wp\/v2\/types\/post"}],"author":[{"embeddable":true,"href":"https:\/\/migracao.redenoticia.com.br\/noticia\/wp-json\/wp\/v2\/users\/3"}],"replies":[{"embeddable":true,"href":"https:\/\/migracao.redenoticia.com.br\/noticia\/wp-json\/wp\/v2\/comments?post=22923"}],"version-history":[{"count":0,"href":"https:\/\/migracao.redenoticia.com.br\/noticia\/wp-json\/wp\/v2\/posts\/22923\/revisions"}],"wp:featuredmedia":[{"embeddable":true,"href":"https:\/\/migracao.redenoticia.com.br\/noticia\/wp-json\/wp\/v2\/media\/22134"}],"wp:attachment":[{"href":"https:\/\/migracao.redenoticia.com.br\/noticia\/wp-json\/wp\/v2\/media?parent=22923"}],"wp:term":[{"taxonomy":"category","embeddable":true,"href":"https:\/\/migracao.redenoticia.com.br\/noticia\/wp-json\/wp\/v2\/categories?post=22923"},{"taxonomy":"post_tag","embeddable":true,"href":"https:\/\/migracao.redenoticia.com.br\/noticia\/wp-json\/wp\/v2\/tags?post=22923"}],"curies":[{"name":"wp","href":"https:\/\/api.w.org\/{rel}","templated":true}]}}