{"id":229427,"date":"2023-02-14T20:16:43","date_gmt":"2023-02-14T23:16:43","guid":{"rendered":"https:\/\/www.redenoticia.com.br\/noticia\/2023\/dia-de-sorte-resultado-do-concurso-720-sorteado-terca-feira-14-02-2023\/229427"},"modified":"2023-02-15T06:56:33","modified_gmt":"2023-02-15T09:56:33","slug":"dia-de-sorte-resultado-do-concurso-720-sorteado-terca-feira-14-02-2023","status":"publish","type":"post","link":"https:\/\/migracao.redenoticia.com.br\/noticia\/2023\/dia-de-sorte-resultado-do-concurso-720-sorteado-terca-feira-14-02-2023\/229427","title":{"rendered":"Dia de Sorte: Resultado do concurso 720 sorteado  Ter\u00e7a-feira 14\/02\/2023"},"content":{"rendered":"<p>Resultado do Dia de Sorte, concurso 720, realizado na  Ter\u00e7a-feira, dia 14\/02\/2023, no Espa\u00e7o da Sorte, na cidade de S\u00e3o Paulo: <\/p>\n<h2>N\u00fameros Sorteados Dia de Sorte 720<\/h2>\n<div style =\"font-size: 1.3em;margin-bottom:20px;\"><b><span class=\"numberCircleDiaDeSorte\">03<\/span><\/td>\n<p> <span class=\"numberCircleDiaDeSorte\">08<\/span><\/td>\n<p> <span class=\"numberCircleDiaDeSorte\">10<\/span><\/td>\n<p> <span class=\"numberCircleDiaDeSorte\">17<\/span><\/td>\n<p> <span class=\"numberCircleDiaDeSorte\">22<\/span><\/td>\n<p> <span class=\"numberCircleDiaDeSorte\">23<\/span><\/td>\n<p> <span class=\"numberCircleDiaDeSorte\">31<\/span><\/td>\n<p>M\u00eas da Sorte: Julho<\/b> <\/div>\n<h2>Premia\u00e7\u00e3o Dia de Sorte 720<\/h2>\n<table>\n<tr>\n<th>Acertos<\/th>\n<th>Ganhad.<\/th>\n<th>Pr\u00eamio<\/th>\n<\/tr>\n<tr>\n<td>  7  <\/td>\n<td>0<\/td>\n<td>0,00<\/td>\n<\/tr>\n<tr>\n<td>  6 <\/td>\n<td>36<\/td>\n<td>2.344,28<\/td>\n<\/tr>\n<tr>\n<td>  5 <\/td>\n<td>1.438<\/td>\n<td>20,00<\/td>\n<\/tr>\n<tr>\n<td>  4 <\/td>\n<td>19.753<\/td>\n<td>4,00<\/td>\n<\/tr>\n<tr>\n<td>  M\u00eas da Sorte <\/td>\n<td>42.045<\/td>\n<td>2,00<\/td>\n<\/tr>\n<\/table>\n<h2>Total de Apostas realizadas<\/h2>\n<p>No concurso 720 do Dia de Sorte foi realizado um total de 684.818 apostas.<\/p>\n<h2>Pr\u00f3ximo Sorteio da Dia de Sorte <\/h2>\n<p>O pr\u00f3ximo sorteio ser\u00e1 realizado Quinta-feira 16\/02\/2023, no Espa\u00e7o da Sorte, na cidade de S\u00e3o Paulo. O pr\u00eamio previsto \u00e9 de R$ 600.000,00.<\/p>\n<h3>\u00daltimos Resultados do Dia de Sorte<\/h3>\n<p><lu><\/p>\n<li><a href=\"https:\/\/migracao.redenoticia.com.br\/noticia\/2023\/dia-de-sorte-resultado-do-concurso-720-sorteado-terca-feira-14-02-2023\/229427\">Dia de Sorte 720<\/a><\/li>\n<li><a href=\"https:\/\/migracao.redenoticia.com.br\/noticia\/2023\/dia-de-sorte-resultado-do-concurso-719-sorteado-sabado-11-02-2023\/229318\">Dia de Sorte 719<\/a><\/li>\n<li><a href=\"https:\/\/migracao.redenoticia.com.br\/noticia\/2023\/dia-de-sorte-resultado-do-concurso-718-sorteado-quinta-feira-09-02-2023\/229260\">Dia de Sorte 718<\/a><\/li>\n<li><a href=\"https:\/\/migracao.redenoticia.com.br\/noticia\/2023\/dia-de-sorte-resultado-do-concurso-717-sorteado-terca-feira-07-02-2023\/229169\">Dia de Sorte 717<\/a><\/li>\n<li><a href=\"https:\/\/migracao.redenoticia.com.br\/noticia\/2023\/dia-de-sorte-resultado-do-concurso-716-sorteado-sabado-04-02-2023\/229071\">Dia de Sorte 716<\/a><\/li>\n<p><\/lu><\/p>\n","protected":false},"excerpt":{"rendered":"<p>Dia de Sorte 720 &#8211; Resultado, rateio e ganhadores do Dia de Sorte 720 sorteado em 14\/02\/2023.<\/p>\n","protected":false},"author":5,"featured_media":196327,"comment_status":"closed","ping_status":"","sticky":false,"template":"","format":"standard","meta":{"tdm_status":"","tdm_grid_status":"","footnotes":""},"categories":[478,335],"tags":[],"class_list":{"0":"post-229427","1":"post","2":"type-post","3":"status-publish","4":"format-standard","5":"has-post-thumbnail","7":"category-dia-de-sorte","8":"category-loteria"},"_links":{"self":[{"href":"https:\/\/migracao.redenoticia.com.br\/noticia\/wp-json\/wp\/v2\/posts\/229427","targetHints":{"allow":["GET"]}}],"collection":[{"href":"https:\/\/migracao.redenoticia.com.br\/noticia\/wp-json\/wp\/v2\/posts"}],"about":[{"href":"https:\/\/migracao.redenoticia.com.br\/noticia\/wp-json\/wp\/v2\/types\/post"}],"author":[{"embeddable":true,"href":"https:\/\/migracao.redenoticia.com.br\/noticia\/wp-json\/wp\/v2\/users\/5"}],"replies":[{"embeddable":true,"href":"https:\/\/migracao.redenoticia.com.br\/noticia\/wp-json\/wp\/v2\/comments?post=229427"}],"version-history":[{"count":0,"href":"https:\/\/migracao.redenoticia.com.br\/noticia\/wp-json\/wp\/v2\/posts\/229427\/revisions"}],"wp:featuredmedia":[{"embeddable":true,"href":"https:\/\/migracao.redenoticia.com.br\/noticia\/wp-json\/wp\/v2\/media\/196327"}],"wp:attachment":[{"href":"https:\/\/migracao.redenoticia.com.br\/noticia\/wp-json\/wp\/v2\/media?parent=229427"}],"wp:term":[{"taxonomy":"category","embeddable":true,"href":"https:\/\/migracao.redenoticia.com.br\/noticia\/wp-json\/wp\/v2\/categories?post=229427"},{"taxonomy":"post_tag","embeddable":true,"href":"https:\/\/migracao.redenoticia.com.br\/noticia\/wp-json\/wp\/v2\/tags?post=229427"}],"curies":[{"name":"wp","href":"https:\/\/api.w.org\/{rel}","templated":true}]}}