{"id":229452,"date":"2023-02-15T16:38:19","date_gmt":"2023-02-15T19:38:19","guid":{"rendered":"https:\/\/www.redenoticia.com.br\/noticia\/?p=229452"},"modified":"2023-02-15T16:38:19","modified_gmt":"2023-02-15T19:38:19","slug":"resumo-poliana-moca-16-02-otto-revela-que-tem-provas-contra-a-quadrilha","status":"publish","type":"post","link":"https:\/\/migracao.redenoticia.com.br\/noticia\/2023\/resumo-poliana-moca-16-02-otto-revela-que-tem-provas-contra-a-quadrilha\/229452","title":{"rendered":"Resumo \u201cPoliana Mo\u00e7a\u201d 16\/02: Otto revela que tem provas contra a quadrilha"},"content":{"rendered":"<p> <img loading=\"lazy\" decoding=\"async\" class=\"aligncenter size-full wp-image-217353\" src=\"https:\/\/migracao.redenoticia.com.br\/noticia\/imagens\/poliana_moca_elenco.jpg\" alt=\"\" width=\"1280\" height=\"720\" srcset=\"https:\/\/migracao.redenoticia.com.br\/noticia\/imagens\/poliana_moca_elenco.jpg 1280w, https:\/\/migracao.redenoticia.com.br\/noticia\/imagens\/poliana_moca_elenco-250x140.jpg 250w, https:\/\/migracao.redenoticia.com.br\/noticia\/imagens\/poliana_moca_elenco-400x225.jpg 400w, https:\/\/migracao.redenoticia.com.br\/noticia\/imagens\/poliana_moca_elenco-768x432.jpg 768w, https:\/\/migracao.redenoticia.com.br\/noticia\/imagens\/poliana_moca_elenco-150x84.jpg 150w\" sizes=\"auto, (max-width: 1280px) 100vw, 1280px\" \/><\/p>\n<p><strong><em>Resumo da novela \u201cPoliana Mo\u00e7a\u201d<\/em><\/strong> em 16\/02: no cap\u00edtulo 239(*) da novela, Valdin\u00e9ia diz a T\u00e2nia que Otto j\u00e1 tem as informa\u00e7\u00f5es contidas no boneco. O seguran\u00e7a de Poliana \u00e9 aceito pelos pais e amigos da escola. Jefferson conta tudo sobre o Pin\u00f3quio para a namorada; Andr\u00e9 tamb\u00e9m faz o mesmo com Raquel. No jantar com a fam\u00edlia, Otto revela que finalmente conseguiu acessar a mem\u00f3ria interna do Pin\u00f3quio e que agora tem provas contra Roger, T\u00e2nia, Waldisney e Violeta. <\/p>\n<p>Em conversa com Valdin\u00e9ia, T\u00e2nia prop\u00f5e que Violeta entre no sistema da pol\u00edcia para ver se Otto j\u00e1 entregou as provas. Gl\u00f3ria se sente mal porque Roger pode ser preso definitivamente. Poliana recomenda Otto deixar Gl\u00f3ria dialogar com Roger para ele tentar se entregar antes das provas. Raquel e Brenda acham que as provas podem prejudicar Luca.<\/p>\n<p>S\u00e9rgio planeja um passeio em fam\u00edlia para pedir Joana em casamento novamente. Otto fala para a m\u00e3e conversar com Roger para tentar convenc\u00ea-lo a se entregar, mas para ela n\u00e3o se iludir. Valdin\u00e9ia diz aos comparsas que seria \u00f3tima ideia invadir o sistema da pol\u00edcia para ver quanto tempo eles t\u00eam para fugir. Gl\u00f3ria implora para Otto mostrar imagens criminosas de Roger. S\u00e9rgio, Joana e os filhos viajam para Holambra. S\u00e9rgio se redime com Joana por tudo que fez. O capanga de T\u00e2nia diz aos membros do CLL, que o Cobra liberou o evento na comunidade; o grupo desconfia da bondade do Cobra. Ant\u00f4nio lembra de Violeta; Lu\u00edsa diz que vai dar o suporte para ele ajudar a filha.<\/p>\n<p>(*) edi\u00e7\u00e3o das novelas do SBT, \u201cPoliana Mo\u00e7a\u201d, sujeito a altera\u00e7\u00e3o de data e conte\u00fado.<\/p>\n<p>Sinopse \u201cPoliana Mo\u00e7a\u201d: Poliana (Sophia Valverde), agora com 15 anos, precisa enfrentar os dilemas t\u00edpicos da adolesc\u00eancia, como os dramas escolares, os planos para o futuro e a descoberta do amor entre o ex-valent\u00e3o Eric (Lucas Burgatti) e seu melhor amigo Jo\u00e3o (Igor Jansen), encontrando em Helena (Lu\u00edsa Bresser) uma rival no cora\u00e7\u00e3o dos dois.<\/p>\n","protected":false},"excerpt":{"rendered":"<p>Resumo da novela \u201cPoliana Mo\u00e7a\u201d em 16\/02: no cap\u00edtulo 239(*) da novela, Valdin\u00e9ia diz a T\u00e2nia que Otto j\u00e1 tem as informa\u00e7\u00f5es contidas no boneco. O seguran\u00e7a de Poliana \u00e9 aceito pelos pais e amigos da escola. Jefferson conta tudo sobre o Pin\u00f3quio para a namorada; Andr\u00e9 tamb\u00e9m faz o mesmo com Raquel. No jantar [&hellip;]<\/p>\n","protected":false},"author":5,"featured_media":217354,"comment_status":"closed","ping_status":"closed","sticky":false,"template":"","format":"standard","meta":{"tdm_status":"","tdm_grid_status":"","footnotes":""},"categories":[379,2259,2025,372,343],"tags":[441],"class_list":{"0":"post-229452","1":"post","2":"type-post","3":"status-publish","4":"format-standard","5":"has-post-thumbnail","7":"category-novelas","8":"category-poliana-moca","9":"category-resumo","10":"category-sbt","11":"category-televisao","12":"tag-resumo-do-dia"},"_links":{"self":[{"href":"https:\/\/migracao.redenoticia.com.br\/noticia\/wp-json\/wp\/v2\/posts\/229452","targetHints":{"allow":["GET"]}}],"collection":[{"href":"https:\/\/migracao.redenoticia.com.br\/noticia\/wp-json\/wp\/v2\/posts"}],"about":[{"href":"https:\/\/migracao.redenoticia.com.br\/noticia\/wp-json\/wp\/v2\/types\/post"}],"author":[{"embeddable":true,"href":"https:\/\/migracao.redenoticia.com.br\/noticia\/wp-json\/wp\/v2\/users\/5"}],"replies":[{"embeddable":true,"href":"https:\/\/migracao.redenoticia.com.br\/noticia\/wp-json\/wp\/v2\/comments?post=229452"}],"version-history":[{"count":0,"href":"https:\/\/migracao.redenoticia.com.br\/noticia\/wp-json\/wp\/v2\/posts\/229452\/revisions"}],"wp:featuredmedia":[{"embeddable":true,"href":"https:\/\/migracao.redenoticia.com.br\/noticia\/wp-json\/wp\/v2\/media\/217354"}],"wp:attachment":[{"href":"https:\/\/migracao.redenoticia.com.br\/noticia\/wp-json\/wp\/v2\/media?parent=229452"}],"wp:term":[{"taxonomy":"category","embeddable":true,"href":"https:\/\/migracao.redenoticia.com.br\/noticia\/wp-json\/wp\/v2\/categories?post=229452"},{"taxonomy":"post_tag","embeddable":true,"href":"https:\/\/migracao.redenoticia.com.br\/noticia\/wp-json\/wp\/v2\/tags?post=229452"}],"curies":[{"name":"wp","href":"https:\/\/api.w.org\/{rel}","templated":true}]}}