{"id":229666,"date":"2023-02-22T20:10:39","date_gmt":"2023-02-22T23:10:39","guid":{"rendered":"https:\/\/www.redenoticia.com.br\/noticia\/2023\/super-sete-resultado-do-concurso-361-sorteado-quarta-feira-22-02-2023\/229666"},"modified":"2023-02-23T03:20:47","modified_gmt":"2023-02-23T06:20:47","slug":"super-sete-resultado-do-concurso-361-sorteado-quarta-feira-22-02-2023","status":"publish","type":"post","link":"https:\/\/migracao.redenoticia.com.br\/noticia\/2023\/super-sete-resultado-do-concurso-361-sorteado-quarta-feira-22-02-2023\/229666","title":{"rendered":"Super Sete: Resultado do concurso 361 sorteado  Quarta-feira 22\/02\/2023"},"content":{"rendered":"<p>Resultado do Super Sete, concurso 361, realizado na  Quarta-feira, dia 22\/02\/2023, no Espa\u00e7o da Sorte, na cidade de S\u00e3o Paulo: <\/p>\n<h2>N\u00fameros Sorteados Super Sete 361<\/h2>\n<div style =\"font-size: 1.3em;margin-bottom:20px;\"><b><span class=\"numberCircleSuperSete\">9<\/span> <span class=\"numberCircleSuperSete\">3<\/span> <span class=\"numberCircleSuperSete\">2<\/span> <span class=\"numberCircleSuperSete\">0<\/span> <span class=\"numberCircleSuperSete\">4<\/span> <span class=\"numberCircleSuperSete\">6<\/span> <span class=\"numberCircleSuperSete\">5<\/span><\/b> <\/div>\n<h2>Premia\u00e7\u00e3o Super Sete 361<\/h2>\n<table>\n<tr>\n<th>Acertos<\/th>\n<th>Ganhad.<\/th>\n<th>Pr\u00eamio<\/th>\n<\/tr>\n<tr>\n<td> 7<\/td>\n<td>0<\/td>\n<td>0,00<\/td>\n<\/tr>\n<tr>\n<td> 6<\/td>\n<td>2<\/td>\n<td>15.596,80<\/td>\n<\/tr>\n<tr>\n<td> 5<\/td>\n<td>44<\/td>\n<td>1.012,77<\/td>\n<\/tr>\n<tr>\n<td> 4<\/td>\n<td>691<\/td>\n<td>64,48<\/td>\n<\/tr>\n<td> 3<\/td>\n<td>6.716<\/td>\n<td>5,00<\/td>\n<\/tr>\n<\/table>\n<h2>Total de Apostas realizadas<\/h2>\n<p>No concurso 361 do Super Sete foi realizado um total de 305.109 apostas.<\/p>\n<h2>Pr\u00f3ximo Sorteio da Super Sete <\/h2>\n<p>O pr\u00f3ximo sorteio ser\u00e1 realizado Sexta-feira 24\/02\/2023, no Espa\u00e7o da Sorte, na cidade de S\u00e3o Paulo. O pr\u00eamio previsto \u00e9 de R$ 1.800.000,00.<\/p>\n<h3>\u00daltimos Resultados do Super Sete<\/h3>\n<p><lu><\/p>\n<li><a href=\"https:\/\/migracao.redenoticia.com.br\/noticia\/2023\/super-sete-resultado-do-concurso-361-sorteado-quarta-feira-22-02-2023\/229666\">Super Sete 361<\/a><\/li>\n<li><a href=\"https:\/\/migracao.redenoticia.com.br\/noticia\/2023\/super-sete-resultado-do-concurso-360-sorteado-sexta-feira-17-02-2023\/229540\">Super Sete 360<\/a><\/li>\n<li><a href=\"https:\/\/migracao.redenoticia.com.br\/noticia\/2023\/super-sete-resultado-do-concurso-359-sorteado-quarta-feira-15-02-2023\/229470\">Super Sete 359<\/a><\/li>\n<li><a href=\"https:\/\/migracao.redenoticia.com.br\/noticia\/2023\/super-sete-resultado-do-concurso-358-sorteado-segunda-feira-13-02-2023\/229377\">Super Sete 358<\/a><\/li>\n<li><a href=\"https:\/\/migracao.redenoticia.com.br\/noticia\/2023\/super-sete-resultado-do-concurso-357-sorteado-sexta-feira-10-02-2023\/229285\">Super Sete 357<\/a><\/li>\n<p><\/lu><\/p>\n","protected":false},"excerpt":{"rendered":"<p>Super Sete 361 &#8211; Resultado, rateio e ganhadores do Super Sete 361 sorteado em 22\/02\/2023.<\/p>\n","protected":false},"author":5,"featured_media":198345,"comment_status":"closed","ping_status":"","sticky":false,"template":"","format":"standard","meta":{"tdm_status":"","tdm_grid_status":"","footnotes":""},"categories":[335,2074],"tags":[],"class_list":{"0":"post-229666","1":"post","2":"type-post","3":"status-publish","4":"format-standard","5":"has-post-thumbnail","7":"category-loteria","8":"category-super-sete"},"_links":{"self":[{"href":"https:\/\/migracao.redenoticia.com.br\/noticia\/wp-json\/wp\/v2\/posts\/229666","targetHints":{"allow":["GET"]}}],"collection":[{"href":"https:\/\/migracao.redenoticia.com.br\/noticia\/wp-json\/wp\/v2\/posts"}],"about":[{"href":"https:\/\/migracao.redenoticia.com.br\/noticia\/wp-json\/wp\/v2\/types\/post"}],"author":[{"embeddable":true,"href":"https:\/\/migracao.redenoticia.com.br\/noticia\/wp-json\/wp\/v2\/users\/5"}],"replies":[{"embeddable":true,"href":"https:\/\/migracao.redenoticia.com.br\/noticia\/wp-json\/wp\/v2\/comments?post=229666"}],"version-history":[{"count":0,"href":"https:\/\/migracao.redenoticia.com.br\/noticia\/wp-json\/wp\/v2\/posts\/229666\/revisions"}],"wp:featuredmedia":[{"embeddable":true,"href":"https:\/\/migracao.redenoticia.com.br\/noticia\/wp-json\/wp\/v2\/media\/198345"}],"wp:attachment":[{"href":"https:\/\/migracao.redenoticia.com.br\/noticia\/wp-json\/wp\/v2\/media?parent=229666"}],"wp:term":[{"taxonomy":"category","embeddable":true,"href":"https:\/\/migracao.redenoticia.com.br\/noticia\/wp-json\/wp\/v2\/categories?post=229666"},{"taxonomy":"post_tag","embeddable":true,"href":"https:\/\/migracao.redenoticia.com.br\/noticia\/wp-json\/wp\/v2\/tags?post=229666"}],"curies":[{"name":"wp","href":"https:\/\/api.w.org\/{rel}","templated":true}]}}