{"id":229855,"date":"2023-02-28T20:14:15","date_gmt":"2023-02-28T23:14:15","guid":{"rendered":"https:\/\/www.redenoticia.com.br\/noticia\/2023\/dia-de-sorte-resultado-do-concurso-725-sorteado-terca-feira-28-02-2023\/229855"},"modified":"2023-03-01T02:29:48","modified_gmt":"2023-03-01T05:29:48","slug":"dia-de-sorte-resultado-do-concurso-725-sorteado-terca-feira-28-02-2023","status":"publish","type":"post","link":"https:\/\/migracao.redenoticia.com.br\/noticia\/2023\/dia-de-sorte-resultado-do-concurso-725-sorteado-terca-feira-28-02-2023\/229855","title":{"rendered":"Dia de Sorte: Resultado do concurso 725 sorteado  Ter\u00e7a-feira 28\/02\/2023"},"content":{"rendered":"<p>Resultado do Dia de Sorte, concurso 725, realizado na  Ter\u00e7a-feira, dia 28\/02\/2023, no Espa\u00e7o da Sorte, na cidade de S\u00e3o Paulo: <\/p>\n<h2>N\u00fameros Sorteados Dia de Sorte 725<\/h2>\n<div style =\"font-size: 1.3em;margin-bottom:20px;\"><b><span class=\"numberCircleDiaDeSorte\">07<\/span><\/td>\n<p> <span class=\"numberCircleDiaDeSorte\">13<\/span><\/td>\n<p> <span class=\"numberCircleDiaDeSorte\">16<\/span><\/td>\n<p> <span class=\"numberCircleDiaDeSorte\">17<\/span><\/td>\n<p> <span class=\"numberCircleDiaDeSorte\">20<\/span><\/td>\n<p> <span class=\"numberCircleDiaDeSorte\">28<\/span><\/td>\n<p> <span class=\"numberCircleDiaDeSorte\">30<\/span><\/td>\n<p>M\u00eas da Sorte: Fevereiro<\/b> <\/div>\n<h2>Premia\u00e7\u00e3o Dia de Sorte 725<\/h2>\n<table>\n<tr>\n<th>Acertos<\/th>\n<th>Ganhad.<\/th>\n<th>Pr\u00eamio<\/th>\n<\/tr>\n<tr>\n<td>  7  <\/td>\n<td>0<\/td>\n<td>0,00<\/td>\n<\/tr>\n<tr>\n<td>  6 <\/td>\n<td>51<\/td>\n<td>1.696,05<\/td>\n<\/tr>\n<tr>\n<td>  5 <\/td>\n<td>1.727<\/td>\n<td>20,00<\/td>\n<\/tr>\n<tr>\n<td>  4 <\/td>\n<td>21.922<\/td>\n<td>4,00<\/td>\n<\/tr>\n<tr>\n<td>  M\u00eas da Sorte <\/td>\n<td>75.813<\/td>\n<td>2,00<\/td>\n<\/tr>\n<\/table>\n<h2>Total de Apostas realizadas<\/h2>\n<p>No concurso 725 do Dia de Sorte foi realizado um total de 790.948 apostas.<\/p>\n<h2>Pr\u00f3ximo Sorteio da Dia de Sorte <\/h2>\n<p>O pr\u00f3ximo sorteio ser\u00e1 realizado Quinta-feira 02\/03\/2023, no Espa\u00e7o da Sorte, na cidade de S\u00e3o Paulo. O pr\u00eamio previsto \u00e9 de R$ 800.000,00.<\/p>\n<h3>\u00daltimos Resultados do Dia de Sorte<\/h3>\n<p><lu><\/p>\n<li><a href=\"https:\/\/migracao.redenoticia.com.br\/noticia\/2023\/dia-de-sorte-resultado-do-concurso-725-sorteado-terca-feira-28-02-2023\/229855\">Dia de Sorte 725<\/a><\/li>\n<li><a href=\"https:\/\/migracao.redenoticia.com.br\/noticia\/2023\/dia-de-sorte-resultado-do-concurso-724-sorteado-sabado-25-02-2023\/229765\">Dia de Sorte 724<\/a><\/li>\n<li><a href=\"https:\/\/migracao.redenoticia.com.br\/noticia\/2023\/dia-de-sorte-resultado-do-concurso-723-sorteado-quinta-feira-23-02-2023\/229705\">Dia de Sorte 723<\/a><\/li>\n<li><a href=\"https:\/\/migracao.redenoticia.com.br\/noticia\/2023\/dia-de-sorte-resultado-do-concurso-722-sorteado-sabado-18-02-2023\/229572\">Dia de Sorte 722<\/a><\/li>\n<li><a href=\"https:\/\/migracao.redenoticia.com.br\/noticia\/2023\/dia-de-sorte-resultado-do-concurso-721-sorteado-quinta-feira-16-02-2023\/229513\">Dia de Sorte 721<\/a><\/li>\n<p><\/lu><\/p>\n","protected":false},"excerpt":{"rendered":"<p>Dia de Sorte 725 &#8211; Resultado, rateio e ganhadores do Dia de Sorte 725 sorteado em 28\/02\/2023.<\/p>\n","protected":false},"author":5,"featured_media":196327,"comment_status":"closed","ping_status":"","sticky":false,"template":"","format":"standard","meta":{"tdm_status":"","tdm_grid_status":"","footnotes":""},"categories":[478,335],"tags":[],"class_list":{"0":"post-229855","1":"post","2":"type-post","3":"status-publish","4":"format-standard","5":"has-post-thumbnail","7":"category-dia-de-sorte","8":"category-loteria"},"_links":{"self":[{"href":"https:\/\/migracao.redenoticia.com.br\/noticia\/wp-json\/wp\/v2\/posts\/229855","targetHints":{"allow":["GET"]}}],"collection":[{"href":"https:\/\/migracao.redenoticia.com.br\/noticia\/wp-json\/wp\/v2\/posts"}],"about":[{"href":"https:\/\/migracao.redenoticia.com.br\/noticia\/wp-json\/wp\/v2\/types\/post"}],"author":[{"embeddable":true,"href":"https:\/\/migracao.redenoticia.com.br\/noticia\/wp-json\/wp\/v2\/users\/5"}],"replies":[{"embeddable":true,"href":"https:\/\/migracao.redenoticia.com.br\/noticia\/wp-json\/wp\/v2\/comments?post=229855"}],"version-history":[{"count":0,"href":"https:\/\/migracao.redenoticia.com.br\/noticia\/wp-json\/wp\/v2\/posts\/229855\/revisions"}],"wp:featuredmedia":[{"embeddable":true,"href":"https:\/\/migracao.redenoticia.com.br\/noticia\/wp-json\/wp\/v2\/media\/196327"}],"wp:attachment":[{"href":"https:\/\/migracao.redenoticia.com.br\/noticia\/wp-json\/wp\/v2\/media?parent=229855"}],"wp:term":[{"taxonomy":"category","embeddable":true,"href":"https:\/\/migracao.redenoticia.com.br\/noticia\/wp-json\/wp\/v2\/categories?post=229855"},{"taxonomy":"post_tag","embeddable":true,"href":"https:\/\/migracao.redenoticia.com.br\/noticia\/wp-json\/wp\/v2\/tags?post=229855"}],"curies":[{"name":"wp","href":"https:\/\/api.w.org\/{rel}","templated":true}]}}