{"id":22995,"date":"2010-02-05T07:32:44","date_gmt":"2010-02-05T11:32:44","guid":{"rendered":"http:\/\/www.redenoticia.com.br\/noticia\/?p=22995"},"modified":"2010-02-05T07:32:44","modified_gmt":"2010-02-05T11:32:44","slug":"itaipu-abre-processo-seletivo-para-preencher-23-cargos-em-foz-do-iguacu","status":"publish","type":"post","link":"https:\/\/migracao.redenoticia.com.br\/noticia\/2010\/itaipu-abre-processo-seletivo-para-preencher-23-cargos-em-foz-do-iguacu\/22995","title":{"rendered":"Itaipu abre processo seletivo para preencher 23 cargos em Foz do Igua\u00e7u"},"content":{"rendered":"<p>A Itaipu Binacional vai abrir inscri\u00e7\u00f5es para processo seletivo externo no per\u00edodo de 12 de fevereiro a 11 de mar\u00e7o. A empresa oferece vagas para 23 cargos, de n\u00edveis m\u00e9dio, t\u00e9cnico e superior, com sal\u00e1rios iniciais que variam de R$ 1.641,73 a R$ 5.546,94. Todas as vagas s\u00e3o para trabalho em Foz do Igua\u00e7u, onde fica a usina de Itaipu.<\/p>\n<p>As provas ser\u00e3o realizadas em Curitiba e Foz do Igua\u00e7u, no dia 28 de mar\u00e7o. As inscri\u00e7\u00f5es devem ser feitas exclusivamente pela internet, no site da Funda\u00e7\u00e3o de Apoio \u00e0 Educa\u00e7\u00e3o, Pesquisa e Desenvolvimento Cient\u00edfico e Tecnol\u00f3gico da Universidade Tecnol\u00f3gica Federal do Paran\u00e1 \u2013 Funtef-PR, institui\u00e7\u00e3o respons\u00e1vel pela aplica\u00e7\u00e3o das provas. O endere\u00e7o \u00e9\u00a0<a href=\"http:\/\/www.funtef.utfpr.edu.br\/\" target=\"_blank\">www.funtef.utfpr.edu.br<\/a>.<\/p>\n<p>A Itaipu oferece ampla pol\u00edtica de benef\u00edcios, entre os quais previd\u00eancia privada, participa\u00e7\u00e3o nos resultados, transporte, aux\u00edlio alimenta\u00e7\u00e3o, adicional regional de 13% sobre o sal\u00e1rio base, plano de sa\u00fade m\u00e9dico-hospitalar e odontol\u00f3gico extensivo aos dependentes, e educa\u00e7\u00e3o para os dependentes at\u00e9 a conclus\u00e3o do n\u00edvel m\u00e9dio.<\/p>\n<p>H\u00e1 vagas para admiss\u00e3o imediata e forma\u00e7\u00e3o de cadastro reserva. Para alguns cargos haver\u00e1 reserva de vagas para pessoas com defici\u00eancia. Mais informa\u00e7\u00f5es est\u00e3o no edital do processo seletivo. Para consultar, acesse o site da Itaipu (<a href=\"http:\/\/www.itaipu.gov.br\/\" target=\"_blank\">www.itaipu.gov.br<\/a>) ou da Funtef \u2013 PR (<a href=\"http:\/\/www.funtef.utfpr.edu.br\/\" target=\"_blank\">www.funtef.utfpr.edu.br<\/a>). N\u00e3o ser\u00e3o fornecidas informa\u00e7\u00f5es por telefone.<\/p>\n","protected":false},"excerpt":{"rendered":"<p>A Itaipu Binacional vai abrir inscri\u00e7\u00f5es para processo seletivo externo no per\u00edodo de 12 de fevereiro a 11 de mar\u00e7o. A empresa oferece vagas para 23 cargos, de n\u00edveis m\u00e9dio, t\u00e9cnico e superior, com sal\u00e1rios iniciais que variam de R$ 1.641,73 a R$ 5.546,94. Todas as vagas s\u00e3o para trabalho em Foz do Igua\u00e7u, onde [&hellip;]<\/p>\n","protected":false},"author":2,"featured_media":0,"comment_status":"open","ping_status":"open","sticky":false,"template":"","format":"standard","meta":{"tdm_status":"","tdm_grid_status":"","footnotes":""},"categories":[352,370],"tags":[],"class_list":{"0":"post-22995","1":"post","2":"type-post","3":"status-publish","4":"format-standard","6":"category-concursos","7":"category-inscricao"},"_links":{"self":[{"href":"https:\/\/migracao.redenoticia.com.br\/noticia\/wp-json\/wp\/v2\/posts\/22995","targetHints":{"allow":["GET"]}}],"collection":[{"href":"https:\/\/migracao.redenoticia.com.br\/noticia\/wp-json\/wp\/v2\/posts"}],"about":[{"href":"https:\/\/migracao.redenoticia.com.br\/noticia\/wp-json\/wp\/v2\/types\/post"}],"author":[{"embeddable":true,"href":"https:\/\/migracao.redenoticia.com.br\/noticia\/wp-json\/wp\/v2\/users\/2"}],"replies":[{"embeddable":true,"href":"https:\/\/migracao.redenoticia.com.br\/noticia\/wp-json\/wp\/v2\/comments?post=22995"}],"version-history":[{"count":0,"href":"https:\/\/migracao.redenoticia.com.br\/noticia\/wp-json\/wp\/v2\/posts\/22995\/revisions"}],"wp:attachment":[{"href":"https:\/\/migracao.redenoticia.com.br\/noticia\/wp-json\/wp\/v2\/media?parent=22995"}],"wp:term":[{"taxonomy":"category","embeddable":true,"href":"https:\/\/migracao.redenoticia.com.br\/noticia\/wp-json\/wp\/v2\/categories?post=22995"},{"taxonomy":"post_tag","embeddable":true,"href":"https:\/\/migracao.redenoticia.com.br\/noticia\/wp-json\/wp\/v2\/tags?post=22995"}],"curies":[{"name":"wp","href":"https:\/\/api.w.org\/{rel}","templated":true}]}}