{"id":2300,"date":"2009-06-03T19:02:28","date_gmt":"2009-06-03T23:02:28","guid":{"rendered":"http:\/\/www.redenoticia.com.br\/noticia\/?p=2300"},"modified":"2009-06-03T19:02:28","modified_gmt":"2009-06-03T23:02:28","slug":"seminario-em-ji-parana-apresentara-as-alteracoes-do-codigo-florestal","status":"publish","type":"post","link":"https:\/\/migracao.redenoticia.com.br\/noticia\/2009\/seminario-em-ji-parana-apresentara-as-alteracoes-do-codigo-florestal\/2300","title":{"rendered":"Semin\u00e1rio em Ji-Paran\u00e1 apresentar\u00e1 as altera\u00e7\u00f5es do C\u00f3digo Florestal"},"content":{"rendered":"<p>A Fetagro (Federa\u00e7\u00e3o dos Trabalhadores na Agricultura de Rond\u00f4nia) realizar\u00e1 em Ji-Paran\u00e1, nesta quinta-feira (04), um Semin\u00e1rio sobre as Altera\u00e7\u00f5es do C\u00f3digo Florestal com a presen\u00e7a de autoridades estaduais, representantes do sindicato dos trabalhadores rurais e \u00f3rg\u00e3os ligados ao meio ambiente.<\/p>\n<p>Na ocasi\u00e3o, o presidente da Fetagro, Lazaro Dobri,\u00a0 far\u00e1 uma exposi\u00e7\u00e3o quando as conquista obtidas junto ao Governo Federal durante a Manifesta\u00e7\u00e3o Nacional do 15\u00ba Grito da Terra, realizado em Bras\u00edlia.<\/p>\n<p>1 &#8211; Libera\u00e7\u00e3o de R$ 15 bilh\u00f5es\u00a0 para o plano Safra 2009\/2010 por meio do Pronaf (Programa Nacional de Fortalecimento da Agricultura Familiar), sendo R$ 8 bilh\u00f5es para financiamento de custeio e R$ 7 bilh\u00f5es para financiamento de investimentos<\/p>\n<p>2 \u2013 Inclus\u00e3o no SEAF (Sistema de Seguro para Agricultura Familiar) os financiamentos junto ao Governo Federal na modalidade investimentos, anteriormente s\u00f3 era aceito os financiamentos de custeios.<\/p>\n<p>3 \u2013 Libera\u00e7\u00e3o de R$ 463 milh\u00f5es, recursos que estavam contigenciados e ser\u00e3o destinados para assist\u00eancia t\u00e9cnica especializada<\/p>\n<p>4 \u2013 Libera\u00e7\u00e3o de R$ 150 milh\u00f5es para Habita\u00e7\u00e3o Rural para a constru\u00e7\u00e3o de 15 mil casas para as Regi\u00f5es Norte e Nordeste<\/p>\n<p>5 \u2013 Mudan\u00e7a no c\u00f3digo florestal, diferenciando para efeitos de reflorestamento as propriedade da agricultura familiar.<\/p>\n","protected":false},"excerpt":{"rendered":"<p>A Fetagro (Federa\u00e7\u00e3o dos Trabalhadores na Agricultura de Rond\u00f4nia) realizar\u00e1 em Ji-Paran\u00e1, nesta quinta-feira (04), um Semin\u00e1rio sobre as Altera\u00e7\u00f5es do C\u00f3digo Florestal com a presen\u00e7a de autoridades estaduais, representantes do sindicato dos trabalhadores rurais e \u00f3rg\u00e3os ligados ao meio ambiente. Na ocasi\u00e3o, o presidente da Fetagro, Lazaro Dobri,\u00a0 far\u00e1 uma exposi\u00e7\u00e3o quando as conquista [&hellip;]<\/p>\n","protected":false},"author":3,"featured_media":0,"comment_status":"open","ping_status":"open","sticky":false,"template":"","format":"standard","meta":{"tdm_status":"","tdm_grid_status":"","footnotes":""},"categories":[22],"tags":[],"class_list":{"0":"post-2300","1":"post","2":"type-post","3":"status-publish","4":"format-standard","6":"category-brasil"},"_links":{"self":[{"href":"https:\/\/migracao.redenoticia.com.br\/noticia\/wp-json\/wp\/v2\/posts\/2300","targetHints":{"allow":["GET"]}}],"collection":[{"href":"https:\/\/migracao.redenoticia.com.br\/noticia\/wp-json\/wp\/v2\/posts"}],"about":[{"href":"https:\/\/migracao.redenoticia.com.br\/noticia\/wp-json\/wp\/v2\/types\/post"}],"author":[{"embeddable":true,"href":"https:\/\/migracao.redenoticia.com.br\/noticia\/wp-json\/wp\/v2\/users\/3"}],"replies":[{"embeddable":true,"href":"https:\/\/migracao.redenoticia.com.br\/noticia\/wp-json\/wp\/v2\/comments?post=2300"}],"version-history":[{"count":0,"href":"https:\/\/migracao.redenoticia.com.br\/noticia\/wp-json\/wp\/v2\/posts\/2300\/revisions"}],"wp:attachment":[{"href":"https:\/\/migracao.redenoticia.com.br\/noticia\/wp-json\/wp\/v2\/media?parent=2300"}],"wp:term":[{"taxonomy":"category","embeddable":true,"href":"https:\/\/migracao.redenoticia.com.br\/noticia\/wp-json\/wp\/v2\/categories?post=2300"},{"taxonomy":"post_tag","embeddable":true,"href":"https:\/\/migracao.redenoticia.com.br\/noticia\/wp-json\/wp\/v2\/tags?post=2300"}],"curies":[{"name":"wp","href":"https:\/\/api.w.org\/{rel}","templated":true}]}}