{"id":230002,"date":"2023-03-04T20:17:37","date_gmt":"2023-03-04T23:17:37","guid":{"rendered":"https:\/\/www.redenoticia.com.br\/noticia\/2023\/mega-sena-resultado-do-concurso-2570-sorteado-sabado-04-03-2023\/230002"},"modified":"2023-03-05T06:04:07","modified_gmt":"2023-03-05T09:04:07","slug":"mega-sena-resultado-do-concurso-2570-sorteado-sabado-04-03-2023","status":"publish","type":"post","link":"https:\/\/migracao.redenoticia.com.br\/noticia\/2023\/mega-sena-resultado-do-concurso-2570-sorteado-sabado-04-03-2023\/230002","title":{"rendered":"Mega Sena: Resultado do concurso 2570 sorteado  S\u00e1bado 04\/03\/2023"},"content":{"rendered":"<p>Resultado da Mega Sena, concurso 2570, realizado no  S\u00e1bado, dia 04\/03\/2023, no Espa\u00e7o da Sorte, na cidade de S\u00e3o Paulo: <\/p>\n<h2>N\u00fameros Sorteados Mega Sena 2570<\/h2>\n<div style =\"font-size: 1.3em;margin-bottom:20px;\"><b><span class=\"numberCircleMega\">08<\/span> <span class=\"numberCircleMega\">18<\/span> <span class=\"numberCircleMega\">26<\/span> <span class=\"numberCircleMega\">27<\/span> <span class=\"numberCircleMega\">47<\/span> <span class=\"numberCircleMega\">50<\/span><\/b> <\/div>\n<h2>Premia\u00e7\u00e3o Mega Sena 2570<\/h2>\n<table>\n<tr>\n<th>Acertos<\/th>\n<th>Ganhad.<\/th>\n<th>Pr\u00eamio<\/th>\n<\/tr>\n<tr>\n<td> 6<\/td>\n<td>1<\/td>\n<td>33.139.056,49<\/td>\n<\/tr>\n<tr>\n<td>5<\/td>\n<td>75<\/td>\n<td>61.594,54<\/td>\n<\/tr>\n<tr>\n<td>4<\/td>\n<td>5.940<\/td>\n<td>1.111,01<\/td>\n<\/tr>\n<\/table>\n<h2>Cidades Ganhadoras da Mega Sena 2570<\/h2>\n<p>As apostas vencedoras foram realizadas nas seguintes cidades:<\/p>\n<table>\n<tr>\n<th>Cidade<\/th>\n<th>UF<\/th>\n<th>Ganhadores<\/th>\n<\/tr>\n<tr>\n<td>Vila Velha<\/td>\n<td>ES<\/td>\n<td>1<\/td>\n<\/tr>\n<\/table>\n<h2>Total de Apostas realizadas<\/h2>\n<p>No concurso 2570 da Mega Sena foi realizado um total de 17.805.338 apostas.<\/p>\n<h2>Pr\u00f3ximo Sorteio da Mega Sena <\/h2>\n<p>O pr\u00f3ximo sorteio ser\u00e1 realizado Quarta-feira 08\/03\/2023, no Espa\u00e7o da Sorte, na cidade de S\u00e3o Paulo. O pr\u00eamio previsto \u00e9 de R$ 3.000.000,00.<\/p>\n<h3>\u00daltimos Resultados da Mega Sena<\/h3>\n<p><lu><\/p>\n<li><a href=\"https:\/\/migracao.redenoticia.com.br\/noticia\/2023\/mega-sena-resultado-do-concurso-2570-sorteado-sabado-04-03-2023\/230002\">Mega Sena 2570<\/a><\/li>\n<li><a href=\"https:\/\/migracao.redenoticia.com.br\/noticia\/2023\/mega-sena-resultado-do-concurso-2569-sorteado-quarta-feira-01-03-2023\/229897\">Mega Sena 2569<\/a><\/li>\n<li><a href=\"https:\/\/migracao.redenoticia.com.br\/noticia\/2023\/mega-sena-resultado-do-concurso-2568-sorteado-sabado-25-02-2023\/229767\">Mega Sena 2568<\/a><\/li>\n<li><a href=\"https:\/\/migracao.redenoticia.com.br\/noticia\/2023\/mega-sena-resultado-do-concurso-2567-sorteado-quinta-feira-23-02-2023\/229699\">Mega Sena 2567<\/a><\/li>\n<li><a href=\"https:\/\/migracao.redenoticia.com.br\/noticia\/2023\/mega-sena-resultado-do-concurso-2566-sorteado-sabado-18-02-2023\/229574\">Mega Sena 2566<\/a><\/li>\n<p><\/lu><\/p>\n","protected":false},"excerpt":{"rendered":"<p>Mega Sena 2570 &#8211; Resultado, rateio e ganhadores da Mega Sena 2570 sorteado em 04\/03\/2023.<\/p>\n","protected":false},"author":5,"featured_media":194758,"comment_status":"closed","ping_status":"","sticky":false,"template":"","format":"standard","meta":{"tdm_status":"","tdm_grid_status":"","footnotes":""},"categories":[335,355],"tags":[],"class_list":{"0":"post-230002","1":"post","2":"type-post","3":"status-publish","4":"format-standard","5":"has-post-thumbnail","7":"category-loteria","8":"category-mega-sena"},"_links":{"self":[{"href":"https:\/\/migracao.redenoticia.com.br\/noticia\/wp-json\/wp\/v2\/posts\/230002","targetHints":{"allow":["GET"]}}],"collection":[{"href":"https:\/\/migracao.redenoticia.com.br\/noticia\/wp-json\/wp\/v2\/posts"}],"about":[{"href":"https:\/\/migracao.redenoticia.com.br\/noticia\/wp-json\/wp\/v2\/types\/post"}],"author":[{"embeddable":true,"href":"https:\/\/migracao.redenoticia.com.br\/noticia\/wp-json\/wp\/v2\/users\/5"}],"replies":[{"embeddable":true,"href":"https:\/\/migracao.redenoticia.com.br\/noticia\/wp-json\/wp\/v2\/comments?post=230002"}],"version-history":[{"count":0,"href":"https:\/\/migracao.redenoticia.com.br\/noticia\/wp-json\/wp\/v2\/posts\/230002\/revisions"}],"wp:featuredmedia":[{"embeddable":true,"href":"https:\/\/migracao.redenoticia.com.br\/noticia\/wp-json\/wp\/v2\/media\/194758"}],"wp:attachment":[{"href":"https:\/\/migracao.redenoticia.com.br\/noticia\/wp-json\/wp\/v2\/media?parent=230002"}],"wp:term":[{"taxonomy":"category","embeddable":true,"href":"https:\/\/migracao.redenoticia.com.br\/noticia\/wp-json\/wp\/v2\/categories?post=230002"},{"taxonomy":"post_tag","embeddable":true,"href":"https:\/\/migracao.redenoticia.com.br\/noticia\/wp-json\/wp\/v2\/tags?post=230002"}],"curies":[{"name":"wp","href":"https:\/\/api.w.org\/{rel}","templated":true}]}}