{"id":230058,"date":"2023-03-06T20:10:05","date_gmt":"2023-03-06T23:10:05","guid":{"rendered":"https:\/\/www.redenoticia.com.br\/noticia\/2023\/super-sete-resultado-do-concurso-366-sorteado-segunda-feira-06-03-2023\/230058"},"modified":"2023-03-07T04:50:30","modified_gmt":"2023-03-07T07:50:30","slug":"super-sete-resultado-do-concurso-366-sorteado-segunda-feira-06-03-2023","status":"publish","type":"post","link":"https:\/\/migracao.redenoticia.com.br\/noticia\/2023\/super-sete-resultado-do-concurso-366-sorteado-segunda-feira-06-03-2023\/230058","title":{"rendered":"Super Sete: Resultado do concurso 366 sorteado  Segunda-feira 06\/03\/2023"},"content":{"rendered":"<p>Resultado do Super Sete, concurso 366, realizado na  Segunda-feira, dia 06\/03\/2023, no Espa\u00e7o da Sorte, na cidade de S\u00e3o Paulo: <\/p>\n<h2>N\u00fameros Sorteados Super Sete 366<\/h2>\n<div style =\"font-size: 1.3em;margin-bottom:20px;\"><b><span class=\"numberCircleSuperSete\">9<\/span> <span class=\"numberCircleSuperSete\">9<\/span> <span class=\"numberCircleSuperSete\">0<\/span> <span class=\"numberCircleSuperSete\">9<\/span> <span class=\"numberCircleSuperSete\">0<\/span> <span class=\"numberCircleSuperSete\">8<\/span> <span class=\"numberCircleSuperSete\">6<\/span><\/b> <\/div>\n<h2>Premia\u00e7\u00e3o Super Sete 366<\/h2>\n<table>\n<tr>\n<th>Acertos<\/th>\n<th>Ganhad.<\/th>\n<th>Pr\u00eamio<\/th>\n<\/tr>\n<tr>\n<td> 7<\/td>\n<td>0<\/td>\n<td>0,00<\/td>\n<\/tr>\n<tr>\n<td> 6<\/td>\n<td>0<\/td>\n<td>0,00<\/td>\n<\/tr>\n<tr>\n<td> 5<\/td>\n<td>40<\/td>\n<td>1.192,87<\/td>\n<\/tr>\n<tr>\n<td> 4<\/td>\n<td>660<\/td>\n<td>72,29<\/td>\n<\/tr>\n<td> 3<\/td>\n<td>6.708<\/td>\n<td>5,00<\/td>\n<\/tr>\n<\/table>\n<h2>Total de Apostas realizadas<\/h2>\n<p>No concurso 366 do Super Sete foi realizado um total de 324.467 apostas.<\/p>\n<h2>Pr\u00f3ximo Sorteio da Super Sete <\/h2>\n<p>O pr\u00f3ximo sorteio ser\u00e1 realizado Quarta-feira 08\/03\/2023, no Espa\u00e7o da Sorte, na cidade de S\u00e3o Paulo. O pr\u00eamio previsto \u00e9 de R$ 2.500.000,00.<\/p>\n<h3>\u00daltimos Resultados do Super Sete<\/h3>\n<p><lu><\/p>\n<li><a href=\"https:\/\/migracao.redenoticia.com.br\/noticia\/2023\/super-sete-resultado-do-concurso-366-sorteado-segunda-feira-06-03-2023\/230058\">Super Sete 366<\/a><\/li>\n<li><a href=\"https:\/\/migracao.redenoticia.com.br\/noticia\/2023\/super-sete-resultado-do-concurso-365-sorteado-sexta-feira-03-03-2023\/229970\">Super Sete 365<\/a><\/li>\n<li><a href=\"https:\/\/migracao.redenoticia.com.br\/noticia\/2023\/super-sete-resultado-do-concurso-364-sorteado-quarta-feira-01-03-2023\/229901\">Super Sete 364<\/a><\/li>\n<li><a href=\"https:\/\/migracao.redenoticia.com.br\/noticia\/2023\/super-sete-resultado-do-concurso-363-sorteado-segunda-feira-27-02-2023\/229819\">Super Sete 363<\/a><\/li>\n<li><a href=\"https:\/\/migracao.redenoticia.com.br\/noticia\/2023\/super-sete-resultado-do-concurso-362-sorteado-sexta-feira-24-02-2023\/229735\">Super Sete 362<\/a><\/li>\n<p><\/lu><\/p>\n","protected":false},"excerpt":{"rendered":"<p>Super Sete 366 &#8211; Resultado, rateio e ganhadores do Super Sete 366 sorteado em 06\/03\/2023.<\/p>\n","protected":false},"author":5,"featured_media":198345,"comment_status":"closed","ping_status":"","sticky":false,"template":"","format":"standard","meta":{"tdm_status":"","tdm_grid_status":"","footnotes":""},"categories":[335,2074],"tags":[],"class_list":{"0":"post-230058","1":"post","2":"type-post","3":"status-publish","4":"format-standard","5":"has-post-thumbnail","7":"category-loteria","8":"category-super-sete"},"_links":{"self":[{"href":"https:\/\/migracao.redenoticia.com.br\/noticia\/wp-json\/wp\/v2\/posts\/230058","targetHints":{"allow":["GET"]}}],"collection":[{"href":"https:\/\/migracao.redenoticia.com.br\/noticia\/wp-json\/wp\/v2\/posts"}],"about":[{"href":"https:\/\/migracao.redenoticia.com.br\/noticia\/wp-json\/wp\/v2\/types\/post"}],"author":[{"embeddable":true,"href":"https:\/\/migracao.redenoticia.com.br\/noticia\/wp-json\/wp\/v2\/users\/5"}],"replies":[{"embeddable":true,"href":"https:\/\/migracao.redenoticia.com.br\/noticia\/wp-json\/wp\/v2\/comments?post=230058"}],"version-history":[{"count":0,"href":"https:\/\/migracao.redenoticia.com.br\/noticia\/wp-json\/wp\/v2\/posts\/230058\/revisions"}],"wp:featuredmedia":[{"embeddable":true,"href":"https:\/\/migracao.redenoticia.com.br\/noticia\/wp-json\/wp\/v2\/media\/198345"}],"wp:attachment":[{"href":"https:\/\/migracao.redenoticia.com.br\/noticia\/wp-json\/wp\/v2\/media?parent=230058"}],"wp:term":[{"taxonomy":"category","embeddable":true,"href":"https:\/\/migracao.redenoticia.com.br\/noticia\/wp-json\/wp\/v2\/categories?post=230058"},{"taxonomy":"post_tag","embeddable":true,"href":"https:\/\/migracao.redenoticia.com.br\/noticia\/wp-json\/wp\/v2\/tags?post=230058"}],"curies":[{"name":"wp","href":"https:\/\/api.w.org\/{rel}","templated":true}]}}