{"id":23014,"date":"2010-02-05T09:55:15","date_gmt":"2010-02-05T13:55:15","guid":{"rendered":"http:\/\/www.redenoticia.com.br\/noticia\/?p=23014"},"modified":"2010-02-05T09:55:15","modified_gmt":"2010-02-05T13:55:15","slug":"mec-divulga-cronograma-de-inscricao-prouni-2010","status":"publish","type":"post","link":"https:\/\/migracao.redenoticia.com.br\/noticia\/2010\/mec-divulga-cronograma-de-inscricao-prouni-2010\/23014","title":{"rendered":"MEC divulga Cronograma de Inscri\u00e7\u00e3o ProUni 2010"},"content":{"rendered":"<p><img loading=\"lazy\" decoding=\"async\" class=\"alignleft size-full wp-image-23011\" title=\"prouni inscricao\" src=\"https:\/\/migracao.redenoticia.com.br\/noticia\/imagens\/prouni-inscricao.jpg\" alt=\"\" width=\"300\" height=\"193\" srcset=\"https:\/\/migracao.redenoticia.com.br\/noticia\/imagens\/prouni-inscricao.jpg 300w, https:\/\/migracao.redenoticia.com.br\/noticia\/imagens\/prouni-inscricao-250x160.jpg 250w, https:\/\/migracao.redenoticia.com.br\/noticia\/imagens\/prouni-inscricao-150x96.jpg 150w\" sizes=\"auto, (max-width: 300px) 100vw, 300px\" \/>ProUni &#8211; O Minist\u00e9rio da Educa\u00e7\u00e3o <strong><em>MEC<\/em><\/strong> divulgou o cronograma de inscri\u00e7\u00e3o <strong><em>ProUni<\/em><\/strong> <strong><em>2010<\/em><\/strong> primeiro semestre. As inscri\u00e7\u00f5es da primeira etapa come\u00e7am neste s\u00e1bado, 06\/02 e terminam na quarta-feira 10\/02. Veja o cronograma completo.\u00a01\u00aa etapa &#8211; Inscri\u00e7\u00f5es de candidatos <strong><em>Enem<\/em><\/strong> de 6\/2\/2010 a 10\/2\/2010; Resultado ProUni\u00a0candidatos pr\u00e9-selecionados -13\/2\/2010; Comprova\u00e7\u00e3o de informa\u00e7\u00f5es e processo seletivo pr\u00f3prio de 17\/2\/2010 a 26\/2\/2010; e Registro no Sisprouni da aprova\u00e7\u00e3o ou reprova\u00e7\u00e3o dos candidatos pr\u00e9-selecionados &#8211; 17\/2\/2010 a 1\u00ba\/3\/2010.<\/p>\n<p>2\u00aa etapa ProUni\u00a0&#8211; Inscri\u00e7\u00f5es de candidatos de 4\/3\/2010 a 7\/3\/2010; Resultado candidatos ProUni\u00a0pr\u00e9-selecionados &#8211; 10\/3\/2010; Comprova\u00e7\u00e3o de informa\u00e7\u00f5es e processo seletivo pr\u00f3prio de candidatos pr\u00e9-selecionados &#8211; 10\/3\/2010 a 12\/3\/2010; e Registro no Sisprouni da aprova\u00e7\u00e3o ou reprova\u00e7\u00e3o dos candidatos pr\u00e9-selecionados &#8211; 10\/3\/2010 a 14\/3\/2010.<\/p>\n<p>A inscri\u00e7\u00e3o deve ser feita na p\u00e1gina eletr\u00f4nica do <a href=\"http:\/\/siteprouni.mec.gov.br\/\" target=\"_blank\">ProUni<\/a>. O candidato deve informar o n\u00famero de inscri\u00e7\u00e3o no Enem e o do Cadastro de Pessoa F\u00edsica (CPF). Podem concorrer \u00e0s bolsas os candidatos que tenham realizado o Exame Nacional do Ensino M\u00e9dio (Enem) em 2009 e alcan\u00e7ado no m\u00ednimo 400 pontos na m\u00e9dia das cinco notas \u2014 ci\u00eancias da natureza e suas tecnologias; ci\u00eancias humanas e suas tecnologias; linguagens, c\u00f3digos e suas tecnologias; matem\u00e1tica e suas tecnologias e reda\u00e7\u00e3o (para consultar a nota Enem <a href=\"http:\/\/sistemasenem2.inep.gov.br\/Enem2009\/\" target=\"_blank\">Clique Aqui<\/a>). As bolsas integrais ProUni s\u00e3o para estudantes com renda familiar, por pessoa, de at\u00e9 um sal\u00e1rio m\u00ednimo e meio. As bolsas parciais s\u00e3o destinadas a candidatos com renda familiar de at\u00e9 tr\u00eas sal\u00e1rios m\u00ednimos por pessoa. Al\u00e9m de ter feito o Enem de 2009, o candidato deve ter cursado todo o ensino m\u00e9dio em escola p\u00fablica ou, em caso de escola particular, ter cursado na condi\u00e7\u00e3o de bolsista integral.<\/p>\n<p>ProUni<\/p>\n","protected":false},"excerpt":{"rendered":"<p>ProUni &#8211; O Minist\u00e9rio da Educa\u00e7\u00e3o MEC divulgou o cronograma de inscri\u00e7\u00e3o ProUni 2010 primeiro semestre. As inscri\u00e7\u00f5es da primeira etapa come\u00e7am neste s\u00e1bado, 06\/02 e terminam na quarta-feira 10\/02. Veja o cronograma completo.\u00a01\u00aa etapa &#8211; Inscri\u00e7\u00f5es de candidatos Enem de 6\/2\/2010 a 10\/2\/2010; Resultado ProUni\u00a0candidatos pr\u00e9-selecionados -13\/2\/2010; Comprova\u00e7\u00e3o de informa\u00e7\u00f5es e processo seletivo pr\u00f3prio [&hellip;]<\/p>\n","protected":false},"author":3,"featured_media":23011,"comment_status":"open","ping_status":"open","sticky":false,"template":"","format":"standard","meta":{"tdm_status":"","tdm_grid_status":"","footnotes":""},"categories":[22,370,295],"tags":[],"class_list":{"0":"post-23014","1":"post","2":"type-post","3":"status-publish","4":"format-standard","5":"has-post-thumbnail","7":"category-brasil","8":"category-inscricao","9":"category-vestibular"},"_links":{"self":[{"href":"https:\/\/migracao.redenoticia.com.br\/noticia\/wp-json\/wp\/v2\/posts\/23014","targetHints":{"allow":["GET"]}}],"collection":[{"href":"https:\/\/migracao.redenoticia.com.br\/noticia\/wp-json\/wp\/v2\/posts"}],"about":[{"href":"https:\/\/migracao.redenoticia.com.br\/noticia\/wp-json\/wp\/v2\/types\/post"}],"author":[{"embeddable":true,"href":"https:\/\/migracao.redenoticia.com.br\/noticia\/wp-json\/wp\/v2\/users\/3"}],"replies":[{"embeddable":true,"href":"https:\/\/migracao.redenoticia.com.br\/noticia\/wp-json\/wp\/v2\/comments?post=23014"}],"version-history":[{"count":0,"href":"https:\/\/migracao.redenoticia.com.br\/noticia\/wp-json\/wp\/v2\/posts\/23014\/revisions"}],"wp:featuredmedia":[{"embeddable":true,"href":"https:\/\/migracao.redenoticia.com.br\/noticia\/wp-json\/wp\/v2\/media\/23011"}],"wp:attachment":[{"href":"https:\/\/migracao.redenoticia.com.br\/noticia\/wp-json\/wp\/v2\/media?parent=23014"}],"wp:term":[{"taxonomy":"category","embeddable":true,"href":"https:\/\/migracao.redenoticia.com.br\/noticia\/wp-json\/wp\/v2\/categories?post=23014"},{"taxonomy":"post_tag","embeddable":true,"href":"https:\/\/migracao.redenoticia.com.br\/noticia\/wp-json\/wp\/v2\/tags?post=23014"}],"curies":[{"name":"wp","href":"https:\/\/api.w.org\/{rel}","templated":true}]}}