{"id":230201,"date":"2023-03-10T20:10:57","date_gmt":"2023-03-10T23:10:57","guid":{"rendered":"https:\/\/www.redenoticia.com.br\/noticia\/2023\/super-sete-resultado-do-concurso-368-sorteado-sexta-feira-10-03-2023\/230201"},"modified":"2023-03-11T08:35:20","modified_gmt":"2023-03-11T11:35:20","slug":"super-sete-resultado-do-concurso-368-sorteado-sexta-feira-10-03-2023","status":"publish","type":"post","link":"https:\/\/migracao.redenoticia.com.br\/noticia\/2023\/super-sete-resultado-do-concurso-368-sorteado-sexta-feira-10-03-2023\/230201","title":{"rendered":"Super Sete: Resultado do concurso 368 sorteado  Sexta-feira 10\/03\/2023"},"content":{"rendered":"<p>Resultado do Super Sete, concurso 368, realizado na  Sexta-feira, dia 10\/03\/2023, no Espa\u00e7o da Sorte, na cidade de S\u00e3o Paulo: <\/p>\n<h2>N\u00fameros Sorteados Super Sete 368<\/h2>\n<div style =\"font-size: 1.3em;margin-bottom:20px;\"><b><span class=\"numberCircleSuperSete\">4<\/span> <span class=\"numberCircleSuperSete\">7<\/span> <span class=\"numberCircleSuperSete\">3<\/span> <span class=\"numberCircleSuperSete\">7<\/span> <span class=\"numberCircleSuperSete\">2<\/span> <span class=\"numberCircleSuperSete\">6<\/span> <span class=\"numberCircleSuperSete\">1<\/span><\/b> <\/div>\n<h2>Premia\u00e7\u00e3o Super Sete 368<\/h2>\n<table>\n<tr>\n<th>Acertos<\/th>\n<th>Ganhad.<\/th>\n<th>Pr\u00eamio<\/th>\n<\/tr>\n<tr>\n<td> 7<\/td>\n<td>0<\/td>\n<td>0,00<\/td>\n<\/tr>\n<tr>\n<td> 6<\/td>\n<td>2<\/td>\n<td>18.385,53<\/td>\n<\/tr>\n<tr>\n<td> 5<\/td>\n<td>72<\/td>\n<td>729,58<\/td>\n<\/tr>\n<tr>\n<td> 4<\/td>\n<td>969<\/td>\n<td>54,21<\/td>\n<\/tr>\n<td> 3<\/td>\n<td>8.325<\/td>\n<td>5,00<\/td>\n<\/tr>\n<\/table>\n<h2>Total de Apostas realizadas<\/h2>\n<p>No concurso 368 do Super Sete foi realizado um total de 361.546 apostas.<\/p>\n<h2>Pr\u00f3ximo Sorteio da Super Sete <\/h2>\n<p>O pr\u00f3ximo sorteio ser\u00e1 realizado Segunda-feira 13\/03\/2023, no Espa\u00e7o da Sorte, na cidade de S\u00e3o Paulo. O pr\u00eamio previsto \u00e9 de R$ 2.800.000,00.<\/p>\n<h3>\u00daltimos Resultados do Super Sete<\/h3>\n<p><lu><\/p>\n<li><a href=\"https:\/\/migracao.redenoticia.com.br\/noticia\/2023\/super-sete-resultado-do-concurso-368-sorteado-sexta-feira-10-03-2023\/230201\">Super Sete 368<\/a><\/li>\n<li><a href=\"https:\/\/migracao.redenoticia.com.br\/noticia\/2023\/super-sete-resultado-do-concurso-367-sorteado-quarta-feira-08-03-2023\/230136\">Super Sete 367<\/a><\/li>\n<li><a href=\"https:\/\/migracao.redenoticia.com.br\/noticia\/2023\/super-sete-resultado-do-concurso-366-sorteado-segunda-feira-06-03-2023\/230058\">Super Sete 366<\/a><\/li>\n<li><a href=\"https:\/\/migracao.redenoticia.com.br\/noticia\/2023\/super-sete-resultado-do-concurso-365-sorteado-sexta-feira-03-03-2023\/229970\">Super Sete 365<\/a><\/li>\n<li><a href=\"https:\/\/migracao.redenoticia.com.br\/noticia\/2023\/super-sete-resultado-do-concurso-364-sorteado-quarta-feira-01-03-2023\/229901\">Super Sete 364<\/a><\/li>\n<p><\/lu><\/p>\n","protected":false},"excerpt":{"rendered":"<p>Super Sete 368 &#8211; Resultado, rateio e ganhadores do Super Sete 368 sorteado em 10\/03\/2023.<\/p>\n","protected":false},"author":5,"featured_media":198345,"comment_status":"closed","ping_status":"","sticky":false,"template":"","format":"standard","meta":{"tdm_status":"","tdm_grid_status":"","footnotes":""},"categories":[335,2074],"tags":[],"class_list":{"0":"post-230201","1":"post","2":"type-post","3":"status-publish","4":"format-standard","5":"has-post-thumbnail","7":"category-loteria","8":"category-super-sete"},"_links":{"self":[{"href":"https:\/\/migracao.redenoticia.com.br\/noticia\/wp-json\/wp\/v2\/posts\/230201","targetHints":{"allow":["GET"]}}],"collection":[{"href":"https:\/\/migracao.redenoticia.com.br\/noticia\/wp-json\/wp\/v2\/posts"}],"about":[{"href":"https:\/\/migracao.redenoticia.com.br\/noticia\/wp-json\/wp\/v2\/types\/post"}],"author":[{"embeddable":true,"href":"https:\/\/migracao.redenoticia.com.br\/noticia\/wp-json\/wp\/v2\/users\/5"}],"replies":[{"embeddable":true,"href":"https:\/\/migracao.redenoticia.com.br\/noticia\/wp-json\/wp\/v2\/comments?post=230201"}],"version-history":[{"count":0,"href":"https:\/\/migracao.redenoticia.com.br\/noticia\/wp-json\/wp\/v2\/posts\/230201\/revisions"}],"wp:featuredmedia":[{"embeddable":true,"href":"https:\/\/migracao.redenoticia.com.br\/noticia\/wp-json\/wp\/v2\/media\/198345"}],"wp:attachment":[{"href":"https:\/\/migracao.redenoticia.com.br\/noticia\/wp-json\/wp\/v2\/media?parent=230201"}],"wp:term":[{"taxonomy":"category","embeddable":true,"href":"https:\/\/migracao.redenoticia.com.br\/noticia\/wp-json\/wp\/v2\/categories?post=230201"},{"taxonomy":"post_tag","embeddable":true,"href":"https:\/\/migracao.redenoticia.com.br\/noticia\/wp-json\/wp\/v2\/tags?post=230201"}],"curies":[{"name":"wp","href":"https:\/\/api.w.org\/{rel}","templated":true}]}}