{"id":230237,"date":"2023-03-11T20:18:45","date_gmt":"2023-03-11T23:18:45","guid":{"rendered":"https:\/\/www.redenoticia.com.br\/noticia\/2023\/mega-sena-resultado-do-concurso-2572-sorteado-sabado-11-03-2023\/230237"},"modified":"2023-03-12T01:48:43","modified_gmt":"2023-03-12T04:48:43","slug":"mega-sena-resultado-do-concurso-2572-sorteado-sabado-11-03-2023","status":"publish","type":"post","link":"https:\/\/migracao.redenoticia.com.br\/noticia\/2023\/mega-sena-resultado-do-concurso-2572-sorteado-sabado-11-03-2023\/230237","title":{"rendered":"Mega Sena: Resultado do concurso 2572 sorteado  S\u00e1bado 11\/03\/2023"},"content":{"rendered":"<p>Resultado da Mega Sena, concurso 2572, realizado no  S\u00e1bado, dia 11\/03\/2023, no Espa\u00e7o da Sorte, na cidade de S\u00e3o Paulo: <\/p>\n<h2>N\u00fameros Sorteados Mega Sena 2572<\/h2>\n<div style =\"font-size: 1.3em;margin-bottom:20px;\"><b><span class=\"numberCircleMega\">03<\/span> <span class=\"numberCircleMega\">07<\/span> <span class=\"numberCircleMega\">15<\/span> <span class=\"numberCircleMega\">22<\/span> <span class=\"numberCircleMega\">24<\/span> <span class=\"numberCircleMega\">50<\/span><\/b> <\/div>\n<h2>Premia\u00e7\u00e3o Mega Sena 2572<\/h2>\n<table>\n<tr>\n<th>Acertos<\/th>\n<th>Ganhad.<\/th>\n<th>Pr\u00eamio<\/th>\n<\/tr>\n<tr>\n<td> 6<\/td>\n<td>0<\/td>\n<td>0,00<\/td>\n<\/tr>\n<tr>\n<td>5<\/td>\n<td>101<\/td>\n<td>30.374,17<\/td>\n<\/tr>\n<tr>\n<td>4<\/td>\n<td>7.223<\/td>\n<td>606,75<\/td>\n<\/tr>\n<\/table>\n<h2>Total de Apostas realizadas<\/h2>\n<p>No concurso 2572 da Mega Sena foi realizado um total de 11.824.218 apostas.<\/p>\n<h2>Pr\u00f3ximo Sorteio da Mega Sena <\/h2>\n<p>O pr\u00f3ximo sorteio ser\u00e1 realizado Ter\u00e7a-feira 14\/03\/2023, no Espa\u00e7o da Sorte, na cidade de S\u00e3o Paulo. O pr\u00eamio previsto \u00e9 de R$ 16.000.000,00.<\/p>\n<h3>\u00daltimos Resultados da Mega Sena<\/h3>\n<p><lu><\/p>\n<li><a href=\"https:\/\/migracao.redenoticia.com.br\/noticia\/2023\/mega-sena-resultado-do-concurso-2572-sorteado-sabado-11-03-2023\/230237\">Mega Sena 2572<\/a><\/li>\n<li><a href=\"https:\/\/migracao.redenoticia.com.br\/noticia\/2023\/mega-sena-resultado-do-concurso-2571-sorteado-quarta-feira-08-03-2023\/230131\">Mega Sena 2571<\/a><\/li>\n<li><a href=\"https:\/\/migracao.redenoticia.com.br\/noticia\/2023\/mega-sena-resultado-do-concurso-2570-sorteado-sabado-04-03-2023\/230002\">Mega Sena 2570<\/a><\/li>\n<li><a href=\"https:\/\/migracao.redenoticia.com.br\/noticia\/2023\/mega-sena-resultado-do-concurso-2569-sorteado-quarta-feira-01-03-2023\/229897\">Mega Sena 2569<\/a><\/li>\n<li><a href=\"https:\/\/migracao.redenoticia.com.br\/noticia\/2023\/mega-sena-resultado-do-concurso-2568-sorteado-sabado-25-02-2023\/229767\">Mega Sena 2568<\/a><\/li>\n<p><\/lu><\/p>\n","protected":false},"excerpt":{"rendered":"<p>Mega Sena 2572 &#8211; Resultado, rateio e ganhadores da Mega Sena 2572 sorteado em 11\/03\/2023.<\/p>\n","protected":false},"author":5,"featured_media":194758,"comment_status":"closed","ping_status":"","sticky":false,"template":"","format":"standard","meta":{"tdm_status":"","tdm_grid_status":"","footnotes":""},"categories":[335,355],"tags":[],"class_list":{"0":"post-230237","1":"post","2":"type-post","3":"status-publish","4":"format-standard","5":"has-post-thumbnail","7":"category-loteria","8":"category-mega-sena"},"_links":{"self":[{"href":"https:\/\/migracao.redenoticia.com.br\/noticia\/wp-json\/wp\/v2\/posts\/230237","targetHints":{"allow":["GET"]}}],"collection":[{"href":"https:\/\/migracao.redenoticia.com.br\/noticia\/wp-json\/wp\/v2\/posts"}],"about":[{"href":"https:\/\/migracao.redenoticia.com.br\/noticia\/wp-json\/wp\/v2\/types\/post"}],"author":[{"embeddable":true,"href":"https:\/\/migracao.redenoticia.com.br\/noticia\/wp-json\/wp\/v2\/users\/5"}],"replies":[{"embeddable":true,"href":"https:\/\/migracao.redenoticia.com.br\/noticia\/wp-json\/wp\/v2\/comments?post=230237"}],"version-history":[{"count":0,"href":"https:\/\/migracao.redenoticia.com.br\/noticia\/wp-json\/wp\/v2\/posts\/230237\/revisions"}],"wp:featuredmedia":[{"embeddable":true,"href":"https:\/\/migracao.redenoticia.com.br\/noticia\/wp-json\/wp\/v2\/media\/194758"}],"wp:attachment":[{"href":"https:\/\/migracao.redenoticia.com.br\/noticia\/wp-json\/wp\/v2\/media?parent=230237"}],"wp:term":[{"taxonomy":"category","embeddable":true,"href":"https:\/\/migracao.redenoticia.com.br\/noticia\/wp-json\/wp\/v2\/categories?post=230237"},{"taxonomy":"post_tag","embeddable":true,"href":"https:\/\/migracao.redenoticia.com.br\/noticia\/wp-json\/wp\/v2\/tags?post=230237"}],"curies":[{"name":"wp","href":"https:\/\/api.w.org\/{rel}","templated":true}]}}