{"id":23027,"date":"2010-02-05T11:27:40","date_gmt":"2010-02-05T15:27:40","guid":{"rendered":"http:\/\/www.redenoticia.com.br\/noticia\/?p=23027"},"modified":"2010-02-05T11:28:27","modified_gmt":"2010-02-05T15:28:27","slug":"resultado-enem-2009-%e2%80%93-6-foram-selecionados-no-sisu","status":"publish","type":"post","link":"https:\/\/migracao.redenoticia.com.br\/noticia\/2010\/resultado-enem-2009-%e2%80%93-6-foram-selecionados-no-sisu\/23027","title":{"rendered":"Resultado Enem 2009 \u2013 6% foram selecionados no SISU"},"content":{"rendered":"<p><strong><em><img loading=\"lazy\" decoding=\"async\" class=\"alignleft size-full wp-image-22696\" title=\"sisu enem mec 2009\" src=\"https:\/\/migracao.redenoticia.com.br\/noticia\/imagens\/sisu-enem-mec-2009.jpg\" alt=\"\" width=\"300\" height=\"193\" srcset=\"https:\/\/migracao.redenoticia.com.br\/noticia\/imagens\/sisu-enem-mec-2009.jpg 300w, https:\/\/migracao.redenoticia.com.br\/noticia\/imagens\/sisu-enem-mec-2009-250x160.jpg 250w, https:\/\/migracao.redenoticia.com.br\/noticia\/imagens\/sisu-enem-mec-2009-150x96.jpg 150w\" sizes=\"auto, (max-width: 300px) 100vw, 300px\" \/>Resultado Enem 2009<\/em><\/strong>\u00a0\u2013 o MEC divulgou que 6% dos alunos que fizeram o Enem 2009, e se inscreveram no sistema de sele\u00e7\u00e3o <strong><em>SISU<\/em><\/strong>, conseguiram vaga no ensino superior p\u00fablico gratuito. Entre os dias 29 de janeiro e 3 de fevereiro, 793,9 mil estudantes se inscreveram para 47.913 vagas da sele\u00e7\u00e3o unificada. Do total de inscritos, 47.680 candidatos foram selecionados e devem agora efetuar a matr\u00edcula nas universidades e institutos federais de educa\u00e7\u00e3o, ci\u00eancia e tecnologia. A consulta ao resultado j\u00e1 est\u00e1 dispon\u00edvel no endere\u00e7o <a href=\"http:\/\/sisu.mec.gov.br\/index.html\" target=\"_blank\">http:\/\/sisu.mec.gov.br\/index.html<\/a>. \u00c9 poss\u00edvel consultar o resultado pesquisando por unidade federativa, institui\u00e7\u00e3o de ensino, campus e curso. Como resultado da busca, ser\u00e1 exibida a lista dos classificados com identifica\u00e7\u00e3o do nome e n\u00famero de inscri\u00e7\u00e3o do candidato. A consulta \u00e0 nota do Enem est\u00e1 dispon\u00edvel no endere\u00e7o <a href=\"http:\/\/sistemasenem2.inep.gov.br\/Enem2009\/\" target=\"_blank\">sistemasenem2.inep.gov.b<\/a>r.<\/p>\n<p>Os estudantes poder\u00e3o acessar o sistema, informando o n\u00famero de inscri\u00e7\u00e3o no Enem e a senha cadastrada no Sisu, e consultar sua nota final ap\u00f3s a pondera\u00e7\u00e3o dos pesos atribu\u00eddos pelas institui\u00e7\u00f5es e saber como foi feito o c\u00e1lculo. Al\u00e9m disso, o aluno saber\u00e1 sua classifica\u00e7\u00e3o no curso escolhido e os documentos exigidos pela institui\u00e7\u00e3o para que seja efetuada a matr\u00edcula.<\/p>\n<p>O prazo para matr\u00edcula dos candidatos selecionados \u00e9 de 8 a 12 de fevereiro nas institui\u00e7\u00f5es de ensino.<\/p>\n<p>Segunda etapa &#8211; A ocupa\u00e7\u00e3o da vaga s\u00f3 \u00e9 confirmada ap\u00f3s a realiza\u00e7\u00e3o da matr\u00edcula na institui\u00e7\u00e3o. As vagas n\u00e3o ocupadas ser\u00e3o ofertadas novamente na segunda etapa de inscri\u00e7\u00f5es. Os candidatos n\u00e3o selecionados na primeira etapa poder\u00e3o tentar novamente uma vaga e se inscrever na segunda etapa, que come\u00e7a no dia 15 e vai at\u00e9 20 de fevereiro.<\/p>\n<p>Assessoria de Comunica\u00e7\u00e3o Social<\/p>\n","protected":false},"excerpt":{"rendered":"<p>Resultado Enem 2009\u00a0\u2013 o MEC divulgou que 6% dos alunos que fizeram o Enem 2009, e se inscreveram no sistema de sele\u00e7\u00e3o SISU, conseguiram vaga no ensino superior p\u00fablico gratuito. Entre os dias 29 de janeiro e 3 de fevereiro, 793,9 mil estudantes se inscreveram para 47.913 vagas da sele\u00e7\u00e3o unificada. Do total de inscritos, [&hellip;]<\/p>\n","protected":false},"author":3,"featured_media":22696,"comment_status":"open","ping_status":"open","sticky":false,"template":"","format":"standard","meta":{"tdm_status":"","tdm_grid_status":"","footnotes":""},"categories":[22,370,295],"tags":[],"class_list":{"0":"post-23027","1":"post","2":"type-post","3":"status-publish","4":"format-standard","5":"has-post-thumbnail","7":"category-brasil","8":"category-inscricao","9":"category-vestibular"},"_links":{"self":[{"href":"https:\/\/migracao.redenoticia.com.br\/noticia\/wp-json\/wp\/v2\/posts\/23027","targetHints":{"allow":["GET"]}}],"collection":[{"href":"https:\/\/migracao.redenoticia.com.br\/noticia\/wp-json\/wp\/v2\/posts"}],"about":[{"href":"https:\/\/migracao.redenoticia.com.br\/noticia\/wp-json\/wp\/v2\/types\/post"}],"author":[{"embeddable":true,"href":"https:\/\/migracao.redenoticia.com.br\/noticia\/wp-json\/wp\/v2\/users\/3"}],"replies":[{"embeddable":true,"href":"https:\/\/migracao.redenoticia.com.br\/noticia\/wp-json\/wp\/v2\/comments?post=23027"}],"version-history":[{"count":0,"href":"https:\/\/migracao.redenoticia.com.br\/noticia\/wp-json\/wp\/v2\/posts\/23027\/revisions"}],"wp:featuredmedia":[{"embeddable":true,"href":"https:\/\/migracao.redenoticia.com.br\/noticia\/wp-json\/wp\/v2\/media\/22696"}],"wp:attachment":[{"href":"https:\/\/migracao.redenoticia.com.br\/noticia\/wp-json\/wp\/v2\/media?parent=23027"}],"wp:term":[{"taxonomy":"category","embeddable":true,"href":"https:\/\/migracao.redenoticia.com.br\/noticia\/wp-json\/wp\/v2\/categories?post=23027"},{"taxonomy":"post_tag","embeddable":true,"href":"https:\/\/migracao.redenoticia.com.br\/noticia\/wp-json\/wp\/v2\/tags?post=23027"}],"curies":[{"name":"wp","href":"https:\/\/api.w.org\/{rel}","templated":true}]}}