{"id":23034,"date":"2010-02-05T12:08:14","date_gmt":"2010-02-05T16:08:14","guid":{"rendered":"http:\/\/www.redenoticia.com.br\/noticia\/?p=23034"},"modified":"2010-02-05T12:08:14","modified_gmt":"2010-02-05T16:08:14","slug":"solitarios-%e2%80%93-n%c2%ba-4-e-o-sexto-eliminado","status":"publish","type":"post","link":"https:\/\/migracao.redenoticia.com.br\/noticia\/2010\/solitarios-%e2%80%93-n%c2%ba-4-e-o-sexto-eliminado\/23034","title":{"rendered":"Solit\u00e1rios \u2013 n\u00ba 4 \u00e9 o sexto eliminado"},"content":{"rendered":"<p><strong><em><img loading=\"lazy\" decoding=\"async\" class=\"alignleft size-full wp-image-21054\" title=\"solitarios sbt\" src=\"https:\/\/migracao.redenoticia.com.br\/noticia\/imagens\/solitarios-sbt.jpg\" alt=\"\" width=\"300\" height=\"193\" srcset=\"https:\/\/migracao.redenoticia.com.br\/noticia\/imagens\/solitarios-sbt.jpg 300w, https:\/\/migracao.redenoticia.com.br\/noticia\/imagens\/solitarios-sbt-250x160.jpg 250w, https:\/\/migracao.redenoticia.com.br\/noticia\/imagens\/solitarios-sbt-150x96.jpg 150w\" sizes=\"auto, (max-width: 300px) 100vw, 300px\" \/>Solit\u00e1rios SBT<\/em><\/strong> &#8211; O confinamento j\u00e1 dura mais de 240 horas e apenas cinco dos dez convidados da Val conseguiram permanecer em Solit\u00e1rios. Antes das provas, por\u00e9m, Val quebrou o protocolo e deixou que eles conversassem uns com os outros. Desse papo, sa\u00edram confid\u00eancias muito interessantes. Val sempre se surpreende com os participantes e hoje ficou muito surpresa com a capacidade deles de se divertirem com uma simples bolinha de t\u00eanis.<\/p>\n<p>Feliz com a surpresa, ela resolveu dar a eles mais bolinhas! Ali\u00e1s, centenas delas, para que contassem. Quem acertasse a quantidade correta de bolinhas despejadas na cabine estaria imune do pr\u00f3ximo desafio de elimina\u00e7\u00e3o. Em uma prova que exigia muita concentra\u00e7\u00e3o, o participante n\u00ba 6 acertou, ap\u00f3s muitas contagens, a quantidade correta: 914 bolinhas! O convidado ficou imune e ganhou a companhia de um divertido filhotinho de cachorro como recompensa.<br \/>\nE os participantes se assustaram com uma pane no sistema da Val. Ela parecia ter ficado maluca dando ordens sem sentido e repetindo frases. E chegou o momento da sexta elimina\u00e7\u00e3o. A Prova do Percurso deixou todos com os joelhos esfolados. Muito cansado e machucado, o participante n\u00ba 4 foi o primeiro a apertar o bot\u00e3o vermelho e acabou eliminado de Solit\u00e1rios.<\/p>\n<p>No pr\u00f3ximo programa, ficar\u00e1 imune quem encontrar um pequeno floco de isopor recheado no meio de um mar de flocos de isopor, todos iguais. E a Prova do Boneco decidir\u00e1 a s\u00e9tima elimina\u00e7\u00e3o de Solit\u00e1rios. Val garante que, daqui para a frente, as provas ser\u00e3o ainda piores!<\/p>\n<p>Solit\u00e1rios SBT<\/p>\n","protected":false},"excerpt":{"rendered":"<p>Solit\u00e1rios SBT &#8211; O confinamento j\u00e1 dura mais de 240 horas e apenas cinco dos dez convidados da Val conseguiram permanecer em Solit\u00e1rios. Antes das provas, por\u00e9m, Val quebrou o protocolo e deixou que eles conversassem uns com os outros. Desse papo, sa\u00edram confid\u00eancias muito interessantes. Val sempre se surpreende com os participantes e hoje [&hellip;]<\/p>\n","protected":false},"author":3,"featured_media":21054,"comment_status":"open","ping_status":"open","sticky":false,"template":"","format":"standard","meta":{"tdm_status":"","tdm_grid_status":"","footnotes":""},"categories":[372,343],"tags":[],"class_list":{"0":"post-23034","1":"post","2":"type-post","3":"status-publish","4":"format-standard","5":"has-post-thumbnail","7":"category-sbt","8":"category-televisao"},"_links":{"self":[{"href":"https:\/\/migracao.redenoticia.com.br\/noticia\/wp-json\/wp\/v2\/posts\/23034","targetHints":{"allow":["GET"]}}],"collection":[{"href":"https:\/\/migracao.redenoticia.com.br\/noticia\/wp-json\/wp\/v2\/posts"}],"about":[{"href":"https:\/\/migracao.redenoticia.com.br\/noticia\/wp-json\/wp\/v2\/types\/post"}],"author":[{"embeddable":true,"href":"https:\/\/migracao.redenoticia.com.br\/noticia\/wp-json\/wp\/v2\/users\/3"}],"replies":[{"embeddable":true,"href":"https:\/\/migracao.redenoticia.com.br\/noticia\/wp-json\/wp\/v2\/comments?post=23034"}],"version-history":[{"count":0,"href":"https:\/\/migracao.redenoticia.com.br\/noticia\/wp-json\/wp\/v2\/posts\/23034\/revisions"}],"wp:featuredmedia":[{"embeddable":true,"href":"https:\/\/migracao.redenoticia.com.br\/noticia\/wp-json\/wp\/v2\/media\/21054"}],"wp:attachment":[{"href":"https:\/\/migracao.redenoticia.com.br\/noticia\/wp-json\/wp\/v2\/media?parent=23034"}],"wp:term":[{"taxonomy":"category","embeddable":true,"href":"https:\/\/migracao.redenoticia.com.br\/noticia\/wp-json\/wp\/v2\/categories?post=23034"},{"taxonomy":"post_tag","embeddable":true,"href":"https:\/\/migracao.redenoticia.com.br\/noticia\/wp-json\/wp\/v2\/tags?post=23034"}],"curies":[{"name":"wp","href":"https:\/\/api.w.org\/{rel}","templated":true}]}}