{"id":230455,"date":"2023-03-17T20:11:04","date_gmt":"2023-03-17T23:11:04","guid":{"rendered":"https:\/\/www.redenoticia.com.br\/noticia\/2023\/super-sete-resultado-do-concurso-371-sorteado-sexta-feira-17-03-2023\/230455"},"modified":"2023-03-18T02:18:13","modified_gmt":"2023-03-18T05:18:13","slug":"super-sete-resultado-do-concurso-371-sorteado-sexta-feira-17-03-2023","status":"publish","type":"post","link":"https:\/\/migracao.redenoticia.com.br\/noticia\/2023\/super-sete-resultado-do-concurso-371-sorteado-sexta-feira-17-03-2023\/230455","title":{"rendered":"Super Sete: Resultado do concurso 371 sorteado  Sexta-feira 17\/03\/2023"},"content":{"rendered":"<p>Resultado do Super Sete, concurso 371, realizado na  Sexta-feira, dia 17\/03\/2023, no Espa\u00e7o da Sorte, na cidade de S\u00e3o Paulo: <\/p>\n<h2>N\u00fameros Sorteados Super Sete 371<\/h2>\n<div style =\"font-size: 1.3em;margin-bottom:20px;\"><b><span class=\"numberCircleSuperSete\">1<\/span> <span class=\"numberCircleSuperSete\">3<\/span> <span class=\"numberCircleSuperSete\">9<\/span> <span class=\"numberCircleSuperSete\">3<\/span> <span class=\"numberCircleSuperSete\">3<\/span> <span class=\"numberCircleSuperSete\">1<\/span> <span class=\"numberCircleSuperSete\">4<\/span><\/b> <\/div>\n<h2>Premia\u00e7\u00e3o Super Sete 371<\/h2>\n<table>\n<tr>\n<th>Acertos<\/th>\n<th>Ganhad.<\/th>\n<th>Pr\u00eamio<\/th>\n<\/tr>\n<tr>\n<td> 7<\/td>\n<td>0<\/td>\n<td>0,00<\/td>\n<\/tr>\n<tr>\n<td> 6<\/td>\n<td>1<\/td>\n<td>37.851,17<\/td>\n<\/tr>\n<tr>\n<td> 5<\/td>\n<td>66<\/td>\n<td>819,28<\/td>\n<\/tr>\n<tr>\n<td> 4<\/td>\n<td>1.033<\/td>\n<td>52,34<\/td>\n<\/tr>\n<td> 3<\/td>\n<td>9.215<\/td>\n<td>5,00<\/td>\n<\/tr>\n<\/table>\n<h2>Total de Apostas realizadas<\/h2>\n<p>No concurso 371 do Super Sete foi realizado um total de 375.144 apostas.<\/p>\n<h2>Pr\u00f3ximo Sorteio da Super Sete <\/h2>\n<p>O pr\u00f3ximo sorteio ser\u00e1 realizado Segunda-feira 20\/03\/2023, no Espa\u00e7o da Sorte, na cidade de S\u00e3o Paulo. O pr\u00eamio previsto \u00e9 de R$ 3.200.000,00.<\/p>\n<h3>\u00daltimos Resultados do Super Sete<\/h3>\n<p><lu><\/p>\n<li><a href=\"https:\/\/migracao.redenoticia.com.br\/noticia\/2023\/super-sete-resultado-do-concurso-371-sorteado-sexta-feira-17-03-2023\/230455\">Super Sete 371<\/a><\/li>\n<li><a href=\"https:\/\/migracao.redenoticia.com.br\/noticia\/2023\/super-sete-resultado-do-concurso-370-sorteado-quarta-feira-15-03-2023\/230387\">Super Sete 370<\/a><\/li>\n<li><a href=\"https:\/\/migracao.redenoticia.com.br\/noticia\/2023\/super-sete-resultado-do-concurso-369-sorteado-segunda-feira-13-03-2023\/230314\">Super Sete 369<\/a><\/li>\n<li><a href=\"https:\/\/migracao.redenoticia.com.br\/noticia\/2023\/super-sete-resultado-do-concurso-368-sorteado-sexta-feira-10-03-2023\/230201\">Super Sete 368<\/a><\/li>\n<li><a href=\"https:\/\/migracao.redenoticia.com.br\/noticia\/2023\/super-sete-resultado-do-concurso-367-sorteado-quarta-feira-08-03-2023\/230136\">Super Sete 367<\/a><\/li>\n<p><\/lu><\/p>\n","protected":false},"excerpt":{"rendered":"<p>Super Sete 371 &#8211; Resultado, rateio e ganhadores do Super Sete 371 sorteado em 17\/03\/2023.<\/p>\n","protected":false},"author":5,"featured_media":198345,"comment_status":"closed","ping_status":"","sticky":false,"template":"","format":"standard","meta":{"tdm_status":"","tdm_grid_status":"","footnotes":""},"categories":[335,2074],"tags":[],"class_list":{"0":"post-230455","1":"post","2":"type-post","3":"status-publish","4":"format-standard","5":"has-post-thumbnail","7":"category-loteria","8":"category-super-sete"},"_links":{"self":[{"href":"https:\/\/migracao.redenoticia.com.br\/noticia\/wp-json\/wp\/v2\/posts\/230455","targetHints":{"allow":["GET"]}}],"collection":[{"href":"https:\/\/migracao.redenoticia.com.br\/noticia\/wp-json\/wp\/v2\/posts"}],"about":[{"href":"https:\/\/migracao.redenoticia.com.br\/noticia\/wp-json\/wp\/v2\/types\/post"}],"author":[{"embeddable":true,"href":"https:\/\/migracao.redenoticia.com.br\/noticia\/wp-json\/wp\/v2\/users\/5"}],"replies":[{"embeddable":true,"href":"https:\/\/migracao.redenoticia.com.br\/noticia\/wp-json\/wp\/v2\/comments?post=230455"}],"version-history":[{"count":0,"href":"https:\/\/migracao.redenoticia.com.br\/noticia\/wp-json\/wp\/v2\/posts\/230455\/revisions"}],"wp:featuredmedia":[{"embeddable":true,"href":"https:\/\/migracao.redenoticia.com.br\/noticia\/wp-json\/wp\/v2\/media\/198345"}],"wp:attachment":[{"href":"https:\/\/migracao.redenoticia.com.br\/noticia\/wp-json\/wp\/v2\/media?parent=230455"}],"wp:term":[{"taxonomy":"category","embeddable":true,"href":"https:\/\/migracao.redenoticia.com.br\/noticia\/wp-json\/wp\/v2\/categories?post=230455"},{"taxonomy":"post_tag","embeddable":true,"href":"https:\/\/migracao.redenoticia.com.br\/noticia\/wp-json\/wp\/v2\/tags?post=230455"}],"curies":[{"name":"wp","href":"https:\/\/api.w.org\/{rel}","templated":true}]}}