{"id":230516,"date":"2023-03-19T12:26:19","date_gmt":"2023-03-19T15:26:19","guid":{"rendered":"https:\/\/www.redenoticia.com.br\/noticia\/?p=230516"},"modified":"2023-03-19T12:26:19","modified_gmt":"2023-03-19T15:26:19","slug":"resumo-tres-vezes-ana-20-03-ramiro-reconhece-marcelo","status":"publish","type":"post","link":"https:\/\/migracao.redenoticia.com.br\/noticia\/2023\/resumo-tres-vezes-ana-20-03-ramiro-reconhece-marcelo\/230516","title":{"rendered":"Resumo \u201cTr\u00eas Vezes Ana\u201d 20\/03: Ramiro reconhece Marcelo"},"content":{"rendered":"<p> <img loading=\"lazy\" decoding=\"async\" class=\"aligncenter size-full wp-image-228867\" src=\"https:\/\/migracao.redenoticia.com.br\/noticia\/imagens\/novela-3-tras-vezes-ana-sbt.jpg\" alt=\"\" width=\"1280\" height=\"720\" srcset=\"https:\/\/migracao.redenoticia.com.br\/noticia\/imagens\/novela-3-tras-vezes-ana-sbt.jpg 1280w, https:\/\/migracao.redenoticia.com.br\/noticia\/imagens\/novela-3-tras-vezes-ana-sbt-250x140.jpg 250w, https:\/\/migracao.redenoticia.com.br\/noticia\/imagens\/novela-3-tras-vezes-ana-sbt-400x225.jpg 400w, https:\/\/migracao.redenoticia.com.br\/noticia\/imagens\/novela-3-tras-vezes-ana-sbt-768x432.jpg 768w, https:\/\/migracao.redenoticia.com.br\/noticia\/imagens\/novela-3-tras-vezes-ana-sbt-150x84.jpg 150w\" sizes=\"auto, (max-width: 1280px) 100vw, 1280px\" \/><\/p>\n<p><strong><em>Resumo da novela \u201cTr\u00eas Vezes Ana\u201d<\/em><\/strong> em 20\/03: no cap\u00edtulo 036(*) da novela, Ana Laura chega com Valent\u00edn \u00e0 missa de Jennifer; Mariano fica muito surpreso. Ramiro n\u00e3o entende porque Leonor n\u00e3o encontrou nada de suspeito na casa de Valent\u00edn. Santiago procura I\u00f1aki em sua casa, Ramiro o v\u00ea e o reconhece como Marcelo.<\/p>\n<p>Ramiro garante a Santiago que eles eram bons amigos quando ele era Marcelo Salvaterra. Santiago conta a Ramiro a hist\u00f3ria de como perdeu a mem\u00f3ria. Evaristo pede a Rem\u00e9dios que alugue um quarto para Orlando na pens\u00e3o.<\/p>\n<p>Ramiro diz a Santiago que pode ajud\u00e1-lo a se lembrar do passado. Mariano prop\u00f5e a Ana Laura estudar m\u00fasica no exterior, mas quer muito afast\u00e1-la de Valent\u00edn. I\u00f1aki leva Ana Let\u00edcia para jantar, onde a beija apaixonadamente.<\/p>\n<p>(*) edi\u00e7\u00e3o das novelas do SBT, \u201cTr\u00eas Vezes Ana\u201d, sujeito a altera\u00e7\u00e3o de data e conte\u00fado.<\/p>\n<p>Sinopse \u201cTr\u00eas Vezes Ana\u201d: H\u00e1 20 anos, durante uma viagem de carro com seus pais, as trig\u00eameas id\u00eanticas Ana Laura, Ana Luc\u00eda e Ana Let\u00edcia (Angelique Boyer) sofrem um grave acidente e batem junto a um rio. Os resultados s\u00e3o catastr\u00f3ficos: os pais morrem, Ana Laura perde uma perna, Ana Luc\u00eda \u00e9 arrastada pela correnteza e somente Ana Leticia sai ilesa.<\/p>\n<p>Soledad (Blanca Guerra), uma mulher que ficou muito triste depois da morte de sua filha, ajuda Ana Luc\u00eda ao encontr\u00e1-la quase se afogando. Ela descobre que Ana Luc\u00eda \u00e9 a trig\u00eamea perdida mas se aproveita de que a menina n\u00e3o tem nenhuma lembran\u00e7a do acidente e de sua fam\u00edlia para cri\u00e1-la, a fazendo acreditar que \u00e9 sua m\u00e3e.<\/p>\n","protected":false},"excerpt":{"rendered":"<p>Resumo da novela \u201cTr\u00eas Vezes Ana\u201d em 20\/03: no cap\u00edtulo 036(*) da novela, Ana Laura chega com Valent\u00edn \u00e0 missa de Jennifer; Mariano fica muito surpreso. Ramiro n\u00e3o entende porque Leonor n\u00e3o encontrou nada de suspeito na casa de Valent\u00edn. Santiago procura I\u00f1aki em sua casa, Ramiro o v\u00ea e o reconhece como Marcelo. Ramiro [&hellip;]<\/p>\n","protected":false},"author":5,"featured_media":0,"comment_status":"closed","ping_status":"closed","sticky":false,"template":"","format":"standard","meta":{"tdm_status":"","tdm_grid_status":"","footnotes":""},"categories":[379,2025,372,343,2295],"tags":[],"class_list":{"0":"post-230516","1":"post","2":"type-post","3":"status-publish","4":"format-standard","6":"category-novelas","7":"category-resumo","8":"category-sbt","9":"category-televisao","10":"category-tres-vezes-ana"},"_links":{"self":[{"href":"https:\/\/migracao.redenoticia.com.br\/noticia\/wp-json\/wp\/v2\/posts\/230516","targetHints":{"allow":["GET"]}}],"collection":[{"href":"https:\/\/migracao.redenoticia.com.br\/noticia\/wp-json\/wp\/v2\/posts"}],"about":[{"href":"https:\/\/migracao.redenoticia.com.br\/noticia\/wp-json\/wp\/v2\/types\/post"}],"author":[{"embeddable":true,"href":"https:\/\/migracao.redenoticia.com.br\/noticia\/wp-json\/wp\/v2\/users\/5"}],"replies":[{"embeddable":true,"href":"https:\/\/migracao.redenoticia.com.br\/noticia\/wp-json\/wp\/v2\/comments?post=230516"}],"version-history":[{"count":0,"href":"https:\/\/migracao.redenoticia.com.br\/noticia\/wp-json\/wp\/v2\/posts\/230516\/revisions"}],"wp:attachment":[{"href":"https:\/\/migracao.redenoticia.com.br\/noticia\/wp-json\/wp\/v2\/media?parent=230516"}],"wp:term":[{"taxonomy":"category","embeddable":true,"href":"https:\/\/migracao.redenoticia.com.br\/noticia\/wp-json\/wp\/v2\/categories?post=230516"},{"taxonomy":"post_tag","embeddable":true,"href":"https:\/\/migracao.redenoticia.com.br\/noticia\/wp-json\/wp\/v2\/tags?post=230516"}],"curies":[{"name":"wp","href":"https:\/\/api.w.org\/{rel}","templated":true}]}}