{"id":23054,"date":"2010-02-05T15:25:24","date_gmt":"2010-02-05T19:25:24","guid":{"rendered":"http:\/\/www.redenoticia.com.br\/noticia\/?p=23054"},"modified":"2010-02-15T11:53:11","modified_gmt":"2010-02-15T15:53:11","slug":"joao-doria-jr-comeca-gravar-aprendiz-universitario","status":"publish","type":"post","link":"https:\/\/migracao.redenoticia.com.br\/noticia\/2010\/joao-doria-jr-comeca-gravar-aprendiz-universitario\/23054","title":{"rendered":"Jo\u00e3o Doria Jr come\u00e7a gravar Aprendiz Universit\u00e1rio"},"content":{"rendered":"<p><strong><em><img loading=\"lazy\" decoding=\"async\" class=\"alignleft size-full wp-image-23055\" title=\"joao doria aprendiz universitario\" src=\"https:\/\/migracao.redenoticia.com.br\/noticia\/imagens\/joao-doria-aprendiz-universitario.jpg\" alt=\"\" width=\"300\" height=\"193\" srcset=\"https:\/\/migracao.redenoticia.com.br\/noticia\/imagens\/joao-doria-aprendiz-universitario.jpg 300w, https:\/\/migracao.redenoticia.com.br\/noticia\/imagens\/joao-doria-aprendiz-universitario-250x160.jpg 250w, https:\/\/migracao.redenoticia.com.br\/noticia\/imagens\/joao-doria-aprendiz-universitario-150x96.jpg 150w\" sizes=\"auto, (max-width: 300px) 100vw, 300px\" \/>Jo\u00e3o Doria Jr<\/em><\/strong>. come\u00e7ou a gravar a pr\u00f3xima temporada do <strong><em>Aprendiz Universit\u00e1rio<\/em><\/strong>, com previs\u00e3o de estreia em abril. Ele j\u00e1 esteve frente a frente com os 16 aprendizes selecionados para o programa. No encontro de boas-vindas, Jo\u00e3o Doria Jr. j\u00e1 anunciou a primeira tarefa e os universit\u00e1rios se dividiram em equipes para a execu\u00e7\u00e3o da prova.\u00a0<\/p>\n<p>Os novos conselheiros da atra\u00e7\u00e3o, David Barioni e Cristiana Arcangeli, tamb\u00e9m come\u00e7ar\u00e3o a partir de agora a avaliar o desempenho desses candidatos durante a execu\u00e7\u00e3o das provas e nas futuras salas de reuni\u00e3o. Os aprendizes est\u00e3o confinados no Sheraton S\u00e3o Paulo WTC Hotel e o desafio est\u00e1 apenas come\u00e7ando, com muita adrenalina e competi\u00e7\u00e3o, que vai mudar a rotina desses 16 estudantes daqui pra frente.<\/p>\n<p>O ganhador ter\u00e1 direito ao pr\u00eamio de R$ 1 milh\u00e3o e a um est\u00e1gio remunerado.<\/p>\n<p>Durante o programa, os participantes ter\u00e3o que enfrentar provas e tarefas de dif\u00edcil supera\u00e7\u00e3o, tudo sob o olhar atento de Jo\u00e3o Doria Jr., um dos profissionais mais bem-sucedidos do mercado.\u00a0Aprendiz Universit\u00e1rio \u00e9 apresentado por Jo\u00e3o Doria Jr., com dire\u00e7\u00e3o geral de Jos\u00e9 Amancio, e tem previs\u00e3o de estreia para abril de 2010.<\/p>\n","protected":false},"excerpt":{"rendered":"<p>Jo\u00e3o Doria Jr. come\u00e7ou a gravar a pr\u00f3xima temporada do Aprendiz Universit\u00e1rio, com previs\u00e3o de estreia em abril. Ele j\u00e1 esteve frente a frente com os 16 aprendizes selecionados para o programa. No encontro de boas-vindas, Jo\u00e3o Doria Jr. j\u00e1 anunciou a primeira tarefa e os universit\u00e1rios se dividiram em equipes para a execu\u00e7\u00e3o da [&hellip;]<\/p>\n","protected":false},"author":3,"featured_media":23055,"comment_status":"open","ping_status":"open","sticky":false,"template":"","format":"standard","meta":{"tdm_status":"","tdm_grid_status":"","footnotes":""},"categories":[22,371,343],"tags":[],"class_list":{"0":"post-23054","1":"post","2":"type-post","3":"status-publish","4":"format-standard","5":"has-post-thumbnail","7":"category-brasil","8":"category-rede-record","9":"category-televisao"},"_links":{"self":[{"href":"https:\/\/migracao.redenoticia.com.br\/noticia\/wp-json\/wp\/v2\/posts\/23054","targetHints":{"allow":["GET"]}}],"collection":[{"href":"https:\/\/migracao.redenoticia.com.br\/noticia\/wp-json\/wp\/v2\/posts"}],"about":[{"href":"https:\/\/migracao.redenoticia.com.br\/noticia\/wp-json\/wp\/v2\/types\/post"}],"author":[{"embeddable":true,"href":"https:\/\/migracao.redenoticia.com.br\/noticia\/wp-json\/wp\/v2\/users\/3"}],"replies":[{"embeddable":true,"href":"https:\/\/migracao.redenoticia.com.br\/noticia\/wp-json\/wp\/v2\/comments?post=23054"}],"version-history":[{"count":0,"href":"https:\/\/migracao.redenoticia.com.br\/noticia\/wp-json\/wp\/v2\/posts\/23054\/revisions"}],"wp:featuredmedia":[{"embeddable":true,"href":"https:\/\/migracao.redenoticia.com.br\/noticia\/wp-json\/wp\/v2\/media\/23055"}],"wp:attachment":[{"href":"https:\/\/migracao.redenoticia.com.br\/noticia\/wp-json\/wp\/v2\/media?parent=23054"}],"wp:term":[{"taxonomy":"category","embeddable":true,"href":"https:\/\/migracao.redenoticia.com.br\/noticia\/wp-json\/wp\/v2\/categories?post=23054"},{"taxonomy":"post_tag","embeddable":true,"href":"https:\/\/migracao.redenoticia.com.br\/noticia\/wp-json\/wp\/v2\/tags?post=23054"}],"curies":[{"name":"wp","href":"https:\/\/api.w.org\/{rel}","templated":true}]}}