{"id":230559,"date":"2023-03-21T15:28:34","date_gmt":"2023-03-21T18:28:34","guid":{"rendered":"https:\/\/www.redenoticia.com.br\/noticia\/?p=230559"},"modified":"2023-03-21T15:28:34","modified_gmt":"2023-03-21T18:28:34","slug":"resumo-tres-vezes-ana-22-03-inaki-beija-ana-leticia","status":"publish","type":"post","link":"https:\/\/migracao.redenoticia.com.br\/noticia\/2023\/resumo-tres-vezes-ana-22-03-inaki-beija-ana-leticia\/230559","title":{"rendered":"Resumo \u201cTr\u00eas Vezes Ana\u201d 22\/03: I\u00f1aki beija Ana Let\u00edcia"},"content":{"rendered":"<p> <img loading=\"lazy\" decoding=\"async\" class=\"aligncenter size-full wp-image-228867\" src=\"https:\/\/migracao.redenoticia.com.br\/noticia\/imagens\/novela-3-tras-vezes-ana-sbt.jpg\" alt=\"\" width=\"1280\" height=\"720\" srcset=\"https:\/\/migracao.redenoticia.com.br\/noticia\/imagens\/novela-3-tras-vezes-ana-sbt.jpg 1280w, https:\/\/migracao.redenoticia.com.br\/noticia\/imagens\/novela-3-tras-vezes-ana-sbt-250x140.jpg 250w, https:\/\/migracao.redenoticia.com.br\/noticia\/imagens\/novela-3-tras-vezes-ana-sbt-400x225.jpg 400w, https:\/\/migracao.redenoticia.com.br\/noticia\/imagens\/novela-3-tras-vezes-ana-sbt-768x432.jpg 768w, https:\/\/migracao.redenoticia.com.br\/noticia\/imagens\/novela-3-tras-vezes-ana-sbt-150x84.jpg 150w\" sizes=\"auto, (max-width: 1280px) 100vw, 1280px\" \/><\/p>\n<p><strong><em>Resumo da novela \u201cTr\u00eas Vezes Ana\u201d<\/em><\/strong> em 22\/03: no cap\u00edtulo 038(*) da novela, Ramiro diz a Santiago que pode ajud\u00e1-lo a se lembrar do passado. Mariano prop\u00f5e a Ana Laura estudar m\u00fasica no exterior, mas quer muito afast\u00e1-la de Valent\u00edn. I\u00f1aki leva Ana Let\u00edcia para jantar, onde a beija apaixonadamente.<\/p>\n<p>Maribel conta a Orlando que Ana Luc\u00eda sofre porque Santiago \u00e9 casado. I\u00f1aki finalmente conhece Ana Luc\u00eda e fica pasmo. Ana Let\u00edcia avisa a Daniel que Marcelo est\u00e1 vivo e quer se vingar. I\u00f1aki recomenda que Santiago v\u00e1 embora.<\/p>\n<p>Ramiro, I\u00f1aki e Santiago armam um plano para que Ana Laura e Ana Leticia n\u00e3o compare\u00e7am ao espet\u00e1culo de dan\u00e7a a\u00e9rea e sejam vistas por Ana Luc\u00eda. Tadeu se lembra de quando Julieta o abandonou com os filhos enquanto estava gr\u00e1vida de outro homem.<\/p>\n<p>(*) edi\u00e7\u00e3o das novelas do SBT, \u201cTr\u00eas Vezes Ana\u201d, sujeito a altera\u00e7\u00e3o de data e conte\u00fado.<\/p>\n<p>Sinopse \u201cTr\u00eas Vezes Ana\u201d: H\u00e1 20 anos, durante uma viagem de carro com seus pais, as trig\u00eameas id\u00eanticas Ana Laura, Ana Luc\u00eda e Ana Let\u00edcia (Angelique Boyer) sofrem um grave acidente e batem junto a um rio. Os resultados s\u00e3o catastr\u00f3ficos: os pais morrem, Ana Laura perde uma perna, Ana Luc\u00eda \u00e9 arrastada pela correnteza e somente Ana Leticia sai ilesa.<\/p>\n<p>Soledad (Blanca Guerra), uma mulher que ficou muito triste depois da morte de sua filha, ajuda Ana Luc\u00eda ao encontr\u00e1-la quase se afogando. Ela descobre que Ana Luc\u00eda \u00e9 a trig\u00eamea perdida mas se aproveita de que a menina n\u00e3o tem nenhuma lembran\u00e7a do acidente e de sua fam\u00edlia para cri\u00e1-la, a fazendo acreditar que \u00e9 sua m\u00e3e.<\/p>\n","protected":false},"excerpt":{"rendered":"<p>Resumo da novela \u201cTr\u00eas Vezes Ana\u201d em 22\/03: no cap\u00edtulo 038(*) da novela, Ramiro diz a Santiago que pode ajud\u00e1-lo a se lembrar do passado. Mariano prop\u00f5e a Ana Laura estudar m\u00fasica no exterior, mas quer muito afast\u00e1-la de Valent\u00edn. I\u00f1aki leva Ana Let\u00edcia para jantar, onde a beija apaixonadamente. Maribel conta a Orlando que [&hellip;]<\/p>\n","protected":false},"author":4,"featured_media":228866,"comment_status":"closed","ping_status":"closed","sticky":false,"template":"","format":"standard","meta":{"tdm_status":"","tdm_grid_status":"","footnotes":""},"categories":[379,2025,372,343,2295],"tags":[441],"class_list":{"0":"post-230559","1":"post","2":"type-post","3":"status-publish","4":"format-standard","5":"has-post-thumbnail","7":"category-novelas","8":"category-resumo","9":"category-sbt","10":"category-televisao","11":"category-tres-vezes-ana","12":"tag-resumo-do-dia"},"_links":{"self":[{"href":"https:\/\/migracao.redenoticia.com.br\/noticia\/wp-json\/wp\/v2\/posts\/230559","targetHints":{"allow":["GET"]}}],"collection":[{"href":"https:\/\/migracao.redenoticia.com.br\/noticia\/wp-json\/wp\/v2\/posts"}],"about":[{"href":"https:\/\/migracao.redenoticia.com.br\/noticia\/wp-json\/wp\/v2\/types\/post"}],"author":[{"embeddable":true,"href":"https:\/\/migracao.redenoticia.com.br\/noticia\/wp-json\/wp\/v2\/users\/4"}],"replies":[{"embeddable":true,"href":"https:\/\/migracao.redenoticia.com.br\/noticia\/wp-json\/wp\/v2\/comments?post=230559"}],"version-history":[{"count":0,"href":"https:\/\/migracao.redenoticia.com.br\/noticia\/wp-json\/wp\/v2\/posts\/230559\/revisions"}],"wp:featuredmedia":[{"embeddable":true,"href":"https:\/\/migracao.redenoticia.com.br\/noticia\/wp-json\/wp\/v2\/media\/228866"}],"wp:attachment":[{"href":"https:\/\/migracao.redenoticia.com.br\/noticia\/wp-json\/wp\/v2\/media?parent=230559"}],"wp:term":[{"taxonomy":"category","embeddable":true,"href":"https:\/\/migracao.redenoticia.com.br\/noticia\/wp-json\/wp\/v2\/categories?post=230559"},{"taxonomy":"post_tag","embeddable":true,"href":"https:\/\/migracao.redenoticia.com.br\/noticia\/wp-json\/wp\/v2\/tags?post=230559"}],"curies":[{"name":"wp","href":"https:\/\/api.w.org\/{rel}","templated":true}]}}