{"id":23066,"date":"2010-02-05T16:09:22","date_gmt":"2010-02-05T20:09:22","guid":{"rendered":"http:\/\/www.redenoticia.com.br\/noticia\/?p=23066"},"modified":"2012-04-02T15:40:46","modified_gmt":"2012-04-02T18:40:46","slug":"poder-paralelo-decima-vitima-do-guri","status":"publish","type":"post","link":"https:\/\/migracao.redenoticia.com.br\/noticia\/2010\/poder-paralelo-decima-vitima-do-guri\/23066","title":{"rendered":"Poder Paralelo \u2013 d\u00e9cima v\u00edtima do Guri"},"content":{"rendered":"<p><strong><em><img loading=\"lazy\" decoding=\"async\" class=\"alignleft size-full wp-image-17363\" title=\"novela record poder paralelo\" src=\"https:\/\/migracao.redenoticia.com.br\/noticia\/imagens\/novela-record-poder-paralelo.jpg\" alt=\"\" width=\"300\" height=\"193\" srcset=\"https:\/\/migracao.redenoticia.com.br\/noticia\/imagens\/novela-record-poder-paralelo.jpg 300w, https:\/\/migracao.redenoticia.com.br\/noticia\/imagens\/novela-record-poder-paralelo-250x160.jpg 250w, https:\/\/migracao.redenoticia.com.br\/noticia\/imagens\/novela-record-poder-paralelo-150x96.jpg 150w\" sizes=\"auto, (max-width: 300px) 100vw, 300px\" \/>Poder Paralelo<\/em><\/strong> \u2013 o <strong><em>resumo de novela da Rede Record<\/em><\/strong> informou que C\u00e9sar ser\u00e1 a d\u00e9cima v\u00edtima de Guri, em Poder Paralelo. Antes disso, Bruno manda flores para Maura. Em Poder Paralelo, depois de um jantar com Bruno (Marcelo Serrado), Maura (Adriana Garambone) se surpreende ao acordar e ver sua su\u00edte repleta de flores. Na mesinha, Maura encontra um bilhete do ex em que ele diz que quer passar o resto de sua vida ao lado dela. A sequ\u00eancia est\u00e1 prevista para ser exibida no cap\u00edtulo do dia 8.<\/p>\n<p>C\u00e9sar \u00e9 a d\u00e9cima v\u00edtima do Guri &#8211; Em Poder Paralelo, o delegado C\u00e9sar (C\u00e9sar Amorim) \u00e9 a pr\u00f3xima v\u00edtima do Guri. Ele \u00e9 assassinado pelo misterioso serial er dentro de sua sala na Pol\u00edcia Federal. Com isso, C\u00e9sar se torna a d\u00e9cima v\u00edtima do criminoso, que deixa uma foto do Guri junto ao corpo. A sequ\u00eancia est\u00e1 prevista para ser exibida no cap\u00edtulo do dia 9.<\/p>\n<p>Bruno e Neide passam noite juntos na cama que era de Fernanda &#8211; Em Poder Paralelo, finalmente, Neide (Maria Carolina Ribeiro) consegue realizar o sonho de dormir com Bruno (Marcelo Serrado) na cama em que ele dividia com Fernanda (Paloma Duarte). Ao acordar, o vil\u00e3o faz juras para a amante, que est\u00e1 radiante, e avisa que ela pode dormir ali sempre que quiser. Bruno ainda promete tirar o p\u00f4ster de Fernanda que est\u00e1 da sala. A cena est\u00e1 prevista para ir ao ar no cap\u00edtulo do dia 09.<\/p>\n<p>Bruno tenta beijar Bebel &#8211; Em Poder Paralelo, o sedutor Bruno (Marcelo Serrado) vai tentar fazer mais uma v\u00edtima. Dessa vez, ele vai jogar seu charme para Bebel (Luma Costa). Assustada, ela consegue se desvencilhar. E, para passar a imagem de bom mo\u00e7o, Bruno pede desculpas, mas a olha com mal\u00edcia. A seq\u00fc\u00eancia est\u00e1 prevista para ser exibida no cap\u00edtulo do dia 11.<\/p>\n<p>Poder Paralelo \u2013 Novela da Rede Record<\/p>\n","protected":false},"excerpt":{"rendered":"<p>Poder Paralelo \u2013 o resumo de novela da Rede Record informou que C\u00e9sar ser\u00e1 a d\u00e9cima v\u00edtima de Guri, em Poder Paralelo. Antes disso, Bruno manda flores para Maura. Em Poder Paralelo, depois de um jantar com Bruno (Marcelo Serrado), Maura (Adriana Garambone) se surpreende ao acordar e ver sua su\u00edte repleta de flores. Na [&hellip;]<\/p>\n","protected":false},"author":3,"featured_media":17363,"comment_status":"open","ping_status":"open","sticky":false,"template":"","format":"standard","meta":{"tdm_status":"","tdm_grid_status":"","footnotes":""},"categories":[379,371,343],"tags":[],"class_list":{"0":"post-23066","1":"post","2":"type-post","3":"status-publish","4":"format-standard","5":"has-post-thumbnail","7":"category-novelas","8":"category-rede-record","9":"category-televisao"},"_links":{"self":[{"href":"https:\/\/migracao.redenoticia.com.br\/noticia\/wp-json\/wp\/v2\/posts\/23066","targetHints":{"allow":["GET"]}}],"collection":[{"href":"https:\/\/migracao.redenoticia.com.br\/noticia\/wp-json\/wp\/v2\/posts"}],"about":[{"href":"https:\/\/migracao.redenoticia.com.br\/noticia\/wp-json\/wp\/v2\/types\/post"}],"author":[{"embeddable":true,"href":"https:\/\/migracao.redenoticia.com.br\/noticia\/wp-json\/wp\/v2\/users\/3"}],"replies":[{"embeddable":true,"href":"https:\/\/migracao.redenoticia.com.br\/noticia\/wp-json\/wp\/v2\/comments?post=23066"}],"version-history":[{"count":0,"href":"https:\/\/migracao.redenoticia.com.br\/noticia\/wp-json\/wp\/v2\/posts\/23066\/revisions"}],"wp:featuredmedia":[{"embeddable":true,"href":"https:\/\/migracao.redenoticia.com.br\/noticia\/wp-json\/wp\/v2\/media\/17363"}],"wp:attachment":[{"href":"https:\/\/migracao.redenoticia.com.br\/noticia\/wp-json\/wp\/v2\/media?parent=23066"}],"wp:term":[{"taxonomy":"category","embeddable":true,"href":"https:\/\/migracao.redenoticia.com.br\/noticia\/wp-json\/wp\/v2\/categories?post=23066"},{"taxonomy":"post_tag","embeddable":true,"href":"https:\/\/migracao.redenoticia.com.br\/noticia\/wp-json\/wp\/v2\/tags?post=23066"}],"curies":[{"name":"wp","href":"https:\/\/api.w.org\/{rel}","templated":true}]}}