{"id":2307,"date":"2009-06-03T19:23:54","date_gmt":"2009-06-03T23:23:54","guid":{"rendered":"http:\/\/www.redenoticia.com.br\/noticia\/?p=2307"},"modified":"2009-06-29T23:08:10","modified_gmt":"2009-06-30T03:08:10","slug":"sefin-busca-resolver-questoes-alfandegarias-entre-rondonia-e-peru","status":"publish","type":"post","link":"https:\/\/migracao.redenoticia.com.br\/noticia\/2009\/sefin-busca-resolver-questoes-alfandegarias-entre-rondonia-e-peru\/2307","title":{"rendered":"SEFIN busca resolver quest\u00f5es alfandeg\u00e1rias entre Rond\u00f4nia e Peru"},"content":{"rendered":"<p class=\"MsoNormal\" style=\"line-height: 10.5pt;\"><span style=\"font-size: 10pt; font-family: Arial;\">Devido \u00e0s perspectivas de interc\u00e2mbio comercial entre Rond\u00f4nia e os pa\u00edses da Am\u00e9rica Latina, o governador Ivo Cassol designou uma nova miss\u00e3o ao secret\u00e1rio de Finan\u00e7as, Jos\u00e9 Genaro de Andrade: verificar as possibilidades de derrubar as barreiras alfandeg\u00e1rias entre Rond\u00f4nia e os pa\u00edses andinos. <\/span><\/p>\n<p style=\"line-height: 10.5pt;\"><span style=\"font-size: 10pt; font-family: Arial;\"><!--[if gte vml 1]><v:shapetype  id=\"_x0000_t75\" coordsize=\"21600,21600\" o:spt=\"75\" o:preferrelative=\"t\"  path=\"m@4@5l@4@11@9@11@9@5xe\" filled=\"f\" stroked=\"f\"> <v:stroke joinstyle=\"miter\" \/> <v:formulas> <v:f eqn=\"if lineDrawn pixelLineWidth 0\" \/> <v:f eqn=\"sum @0 1 0\" \/> <v:f eqn=\"sum 0 0 @1\" \/> <v:f eqn=\"prod @2 1 2\" \/> <v:f eqn=\"prod @3 21600 pixelWidth\" \/> <v:f eqn=\"prod @3 21600 pixelHeight\" \/> <v:f eqn=\"sum @0 0 1\" \/> <v:f eqn=\"prod @6 1 2\" \/> <v:f eqn=\"prod @7 21600 pixelWidth\" \/> <v:f eqn=\"sum @8 21600 0\" \/> <v:f eqn=\"prod @7 21600 pixelHeight\" \/> <v:f eqn=\"sum @10 21600 0\" \/> <\/v:formulas> <v:path o:extrusionok=\"f\" gradientshapeok=\"t\" o:connecttype=\"rect\" \/> <o:lock v:ext=\"edit\" aspectratio=\"t\" \/> <\/v:shapetype><v:shape id=\"_x0000_i1025\" type=\"#_x0000_t75\" alt=\"\" style='width:.75pt;  height:.75pt'> <v:imagedata src=\"file:\/\/\/C:\\DOCUME~1\\Nova\\CONFIG~1\\Temp\\msohtml1\\01\\clip_image001.gif\"   o:href=\"http:\/\/www.rondonia.ro.gov.br\/imagens-site\/spacer.gif\" \/> <\/v:shape><![endif]--><!--[if !vml]--><img loading=\"lazy\" decoding=\"async\" src=\"file:\/\/\/C:\/DOCUME~1\/Nova\/CONFIG~1\/Temp\/msohtml1\/01\/clip_image001.gif\" alt=\"\" width=\"1\" height=\"1\" \/><!--[endif]--><br \/>\nA inten\u00e7\u00e3o do Governo do Estado \u00e9 evitar o lament\u00e1vel incidente ocorrido durante a viagem realizada no m\u00eas passado ao Peru, onde foram apreendidos na alf\u00e2ndega peruana cerca de 50 quilos de carne de Rond\u00f4nia. Uma medida preventiva, uma vez que o Estado tem produtos que a popula\u00e7\u00e3o e autoridades do Peru mostraram interesse de consumo, como a carne bovina, caf\u00e9, arroz, derivados do leite e outras mercadorias produzidas em grande escala. <\/span><\/p>\n<p style=\"line-height: 10.5pt;\"><span style=\"font-size: 10pt; font-family: Arial;\">O secret\u00e1rio Jos\u00e9 Genaro disse que essa ser\u00e1 uma tarefa \u00e1rdua, porque n\u00e3o depende apenas de Rond\u00f4nia, a Uni\u00e3o \u00e9 quem det\u00e9m as regras. \u201cN\u00f3s vamos tentar entendimento com o Governo Federal, mostrar que h\u00e1 essa necessidade de facilitar a tributa\u00e7\u00e3o, prevendo a redu\u00e7\u00e3o das tarifas tanto na entrada quanto na sa\u00edda de mercadorias, de forma que venha existir uma rela\u00e7\u00e3o de confian\u00e7a entre os dois pa\u00edses\u201d, ressalta.<\/span><\/p>\n<p style=\"line-height: 10.5pt;\"><span style=\"font-size: 10pt; font-family: Arial;\">De acordo com Genaro, nessa viagem, as negocia\u00e7\u00f5es comerciais entre Rond\u00f4nia e Peru mostraram-se bem maiores que 17 anos atr\u00e1s, quando esteve pela primeira vez no pa\u00eds da Am\u00e9rica Latina. <\/span><\/p>\n<p style=\"line-height: 10.5pt;\"><strong><span style=\"font-size: 10pt; font-family: Arial;\">Importa\u00e7\u00e3o<\/span><\/strong><span style=\"font-size: 10pt; font-family: Arial;\"><\/span><\/p>\n<p style=\"line-height: 10.5pt;\"><span style=\"font-size: 10pt; font-family: Arial;\">A inten\u00e7\u00e3o do Governo do Estado \u00e9 tamb\u00e9m de consumir os produtos peruanos, como cebola, alho sal, azeite de oliva, azeitona, batata inglesa e outros produtos hortifrutigranjeiros, em que o Estado passar\u00e1 a ter economia de tempo e dinheiro gastos com o frete. <\/span><\/p>\n<p style=\"line-height: 10.5pt;\"><span style=\"font-size: 10pt; font-family: Arial;\">Atualmente, o sal refinado consumido pela popula\u00e7\u00e3o rondoniense vem de Mossor\u00f3, Rio Grande do Norte. At\u00e9 Rond\u00f4nia, o produto percorre cerca de 5.000 quil\u00f4metros, enquanto que o percurso de Matarani (Peru) at\u00e9 Porto Velho \u00e9 de pouco mais de 2.000 quil\u00f4metros. No caso da batata inglesa, o trajeto \u00e9 de 1.600 quil\u00f4metros de Puerto Maldonado \u00e0 Rond\u00f4nia. \u201cSe conseguirmos driblar toda essa burocracia de fronteira, teremos um novo produto de consumo, bem mais barato. Atrav\u00e9s dessa nova porta de consumo, o Centro-Oeste ir\u00e1 tratar nosso Estado como os demais do Brasil, ou seja, de forma igualit\u00e1ria, o que at\u00e9 hoje n\u00e3o acontece\u201d, finaliza.<\/span><\/p>\n<p style=\"line-height: 10.5pt;\"><span style=\"font-size: 10pt; font-family: Arial;\">Durante a viagem ao Peru, foi assinado um acordo de coopera\u00e7\u00e3o com a possibilidade de utilizar as Rodovias 421 e 429 como novas op\u00e7\u00f5es de exporta\u00e7\u00e3o e importa\u00e7\u00e3o para Rond\u00f4nia e Peru. <\/span><\/p>\n<p style=\"line-height: 10.5pt;\"><span style=\"font-size: 10pt; font-family: Arial;\">Al\u00e9m da op\u00e7\u00e3o terrestre, o Governo do Estado aposta ainda na integra\u00e7\u00e3o comercial entre os dois pa\u00edses atrav\u00e9s de uma via f\u00e9rrea, ligando Rond\u00f4nia ao Peru. O projeto da constru\u00e7\u00e3o da ferrovia foi desenvolvido por uma empresa peruana na d\u00e9cada de 1940, tendo como base a experi\u00eancia da Estrada de Ferro Madeira Mamor\u00e9. A empresa peruana j\u00e1 realizou o estudo de viabilidade e agora busca parcerias e recursos para tirar o projeto do papel.<\/span><\/p>\n<p class=\"MsoNormal\"><span style=\"font-size: 10pt; font-family: Arial;\"> <\/span><\/p>\n<p class=\"MsoNormal\"><span class=\"textonegrito101\"><span style=\"font-size: 10pt; font-family: Arial; color: windowtext;\">Fonte: <\/span><\/span><span class=\"textoentrerodape1\"><span style=\"font-size: 10pt; font-family: Arial; color: windowtext;\">A\/I SEFIN &#8211; Secretaria de Fazenda<\/span><\/span><span style=\"font-size: 10pt; font-family: Arial;\"><\/span><\/p>\n","protected":false},"excerpt":{"rendered":"<p>Devido \u00e0s perspectivas de interc\u00e2mbio comercial entre Rond\u00f4nia e os pa\u00edses da Am\u00e9rica Latina, o governador Ivo Cassol designou uma nova miss\u00e3o ao secret\u00e1rio de Finan\u00e7as, Jos\u00e9 Genaro de Andrade: verificar as possibilidades de derrubar as barreiras alfandeg\u00e1rias entre Rond\u00f4nia e os pa\u00edses andinos. A inten\u00e7\u00e3o do Governo do Estado \u00e9 evitar o lament\u00e1vel incidente [&hellip;]<\/p>\n","protected":false},"author":3,"featured_media":0,"comment_status":"open","ping_status":"open","sticky":false,"template":"","format":"standard","meta":{"tdm_status":"","tdm_grid_status":"","footnotes":""},"categories":[22],"tags":[],"class_list":{"0":"post-2307","1":"post","2":"type-post","3":"status-publish","4":"format-standard","6":"category-brasil"},"_links":{"self":[{"href":"https:\/\/migracao.redenoticia.com.br\/noticia\/wp-json\/wp\/v2\/posts\/2307","targetHints":{"allow":["GET"]}}],"collection":[{"href":"https:\/\/migracao.redenoticia.com.br\/noticia\/wp-json\/wp\/v2\/posts"}],"about":[{"href":"https:\/\/migracao.redenoticia.com.br\/noticia\/wp-json\/wp\/v2\/types\/post"}],"author":[{"embeddable":true,"href":"https:\/\/migracao.redenoticia.com.br\/noticia\/wp-json\/wp\/v2\/users\/3"}],"replies":[{"embeddable":true,"href":"https:\/\/migracao.redenoticia.com.br\/noticia\/wp-json\/wp\/v2\/comments?post=2307"}],"version-history":[{"count":0,"href":"https:\/\/migracao.redenoticia.com.br\/noticia\/wp-json\/wp\/v2\/posts\/2307\/revisions"}],"wp:attachment":[{"href":"https:\/\/migracao.redenoticia.com.br\/noticia\/wp-json\/wp\/v2\/media?parent=2307"}],"wp:term":[{"taxonomy":"category","embeddable":true,"href":"https:\/\/migracao.redenoticia.com.br\/noticia\/wp-json\/wp\/v2\/categories?post=2307"},{"taxonomy":"post_tag","embeddable":true,"href":"https:\/\/migracao.redenoticia.com.br\/noticia\/wp-json\/wp\/v2\/tags?post=2307"}],"curies":[{"name":"wp","href":"https:\/\/api.w.org\/{rel}","templated":true}]}}