{"id":230727,"date":"2023-03-25T16:37:52","date_gmt":"2023-03-25T19:37:52","guid":{"rendered":"https:\/\/www.redenoticia.com.br\/noticia\/?p=230727"},"modified":"2023-03-25T16:37:52","modified_gmt":"2023-03-25T19:37:52","slug":"resumo-amor-perfeito-27-03-julio-confronta-erico-sobre-sua-atuacao-no-caso-de-mare","status":"publish","type":"post","link":"https:\/\/migracao.redenoticia.com.br\/noticia\/2023\/resumo-amor-perfeito-27-03-julio-confronta-erico-sobre-sua-atuacao-no-caso-de-mare\/230727","title":{"rendered":"Resumo &#8220;Amor Perfeito&#8221; 27\/03: J\u00falio confronta \u00c9rico sobre sua atua\u00e7\u00e3o no caso de Mar\u00ea"},"content":{"rendered":"<p> <img loading=\"lazy\" decoding=\"async\" src=\"https:\/\/migracao.redenoticia.com.br\/noticia\/imagens\/resumo_novela_amor_perfeito.jpg\" alt=\"\" width=\"1280\" height=\"720\" class=\"aligncenter size-full wp-image-230268\" srcset=\"https:\/\/migracao.redenoticia.com.br\/noticia\/imagens\/resumo_novela_amor_perfeito.jpg 1280w, https:\/\/migracao.redenoticia.com.br\/noticia\/imagens\/resumo_novela_amor_perfeito-250x140.jpg 250w, https:\/\/migracao.redenoticia.com.br\/noticia\/imagens\/resumo_novela_amor_perfeito-400x225.jpg 400w, https:\/\/migracao.redenoticia.com.br\/noticia\/imagens\/resumo_novela_amor_perfeito-768x432.jpg 768w, https:\/\/migracao.redenoticia.com.br\/noticia\/imagens\/resumo_novela_amor_perfeito-150x84.jpg 150w\" sizes=\"auto, (max-width: 1280px) 100vw, 1280px\" \/><\/p>\n<p><strong><em>Resumo da novela &#8220;Amor Perfeito&#8221;<\/em><\/strong> em 27\/03: no cap\u00edtulo 007(*) da novela, Orlando confessa a Estev\u00e3o que nunca conseguiu esquecer Mar\u00ea. Gaspar amea\u00e7a Catarina. Marcelino questiona os freis e padres sobre Rosa, acreditando se tratar de sua m\u00e3e. Gilda exige que Gaspar encontre Ronaldo e se livre do ex-funcion\u00e1rio. <\/p>\n<p>Mar\u00ea sofre por n\u00e3o estar junto a seu filho. Os freis e padres admiram o desenho que Marcelino fez sobre sua fam\u00edlia. J\u00falio confronta \u00c9rico sobre sua atua\u00e7\u00e3o no caso de Mar\u00ea. Tobias implica com Marcelino. Anselmo n\u00e3o gosta da aproxima\u00e7\u00e3o de \u00c9rico e Ver\u00f4nica. Odilon pede que Elza assuma o relacionamento dos dois. Orlando chega ao Brasil.<\/p>\n<p>(*) edi\u00e7\u00e3o das novelas da Globo, &#8220;Amor Perfeito&#8221;, sujeito a altera\u00e7\u00e3o de data e conte\u00fado.<\/p>\n<p>Sinopse &#8220;Amor Perfeito&#8221;: No interior de Minas Gerais, perto da Bahia, desponta a cidade fict\u00edcia de \u00c1guas de S\u00e3o Jacinto, famosa por suas \u00e1guas termais que atraem pessoas de todos os cantos, atr\u00e1s de seus benef\u00edcios. O empres\u00e1rio Leonel Rubi\u00e3o (Paulo Gorgulho) comanda esse imp\u00e9rio materializado na mais suntuosa edifica\u00e7\u00e3o da cidade, o Grande Hotel Budapeste, e \u00e9 em um acordo para explorar as \u00e1guas subterr\u00e2neas nas terras do prefeito Anselmo Evaristo (Paulo Betti), que os dois se mant\u00e9m firmes nas mais altas posi\u00e7\u00f5es dessa elite local. <\/p>\n<p>No elenco \u201cAmor Perfeito\u201d est\u00e3o Levi Asaf, Camila Queiroz, Diogo Almeida, Mariana Ximenes, Thiago Lacerda, Alan Rocha, Allan Souza, Ana Cec\u00edlia Costa, Analu Prestes, Ant\u00f4nio Pitanga, Babu Santana, Barbara Sut, Bernardo Berro, Beto Militani, Breno de Filippo, Bruno Montaleone, Bruno Quixotte, Bukassa Kabengelle, Carmo Dalla Vecchia, Carol Badra, Carol Castro, Chico Peluccio, Christovam Neto, Cristiane Amorim, Cyda Moreno, Daniel Rangel, Davi Queiroz, Genezio de Barros, Glicerio Ros\u00e1rio, Gustavo Arthidoro, Isabel Fillardis, Iza Moreira, Jo\u00e3o Fernandes Nunes, Jorge Flor\u00eancio, Juliana Alves, Karen Coelho, Karen Marinho, Kenia Barbara, Kyvilin Padilha, Lucy Ramos, Malu Dimas, Maria Gal, Mestre Ivamar, Musipere, Paulo Betti, Paulo Gorgulho, Paulo Mendes, Raquel Karro, Rose Lima, Tonico Pereira, Tony Tornado, Valentina Melleu, Vit\u00f3ria Pabst, Ygor Mar\u00e7al e Zez\u00e9 Polessa.<\/p>\n","protected":false},"excerpt":{"rendered":"<p>Resumo da novela &#8220;Amor Perfeito&#8221; em 27\/03: no cap\u00edtulo 007(*) da novela, Orlando confessa a Estev\u00e3o que nunca conseguiu esquecer Mar\u00ea. Gaspar amea\u00e7a Catarina. Marcelino questiona os freis e padres sobre Rosa, acreditando se tratar de sua m\u00e3e. Gilda exige que Gaspar encontre Ronaldo e se livre do ex-funcion\u00e1rio. Mar\u00ea sofre por n\u00e3o estar junto [&hellip;]<\/p>\n","protected":false},"author":4,"featured_media":230267,"comment_status":"closed","ping_status":"closed","sticky":false,"template":"","format":"standard","meta":{"tdm_status":"","tdm_grid_status":"","footnotes":""},"categories":[2301,379,375,2025,343],"tags":[441],"class_list":{"0":"post-230727","1":"post","2":"type-post","3":"status-publish","4":"format-standard","5":"has-post-thumbnail","7":"category-amor-perfeito","8":"category-novelas","9":"category-rede-globo","10":"category-resumo","11":"category-televisao","12":"tag-resumo-do-dia"},"_links":{"self":[{"href":"https:\/\/migracao.redenoticia.com.br\/noticia\/wp-json\/wp\/v2\/posts\/230727","targetHints":{"allow":["GET"]}}],"collection":[{"href":"https:\/\/migracao.redenoticia.com.br\/noticia\/wp-json\/wp\/v2\/posts"}],"about":[{"href":"https:\/\/migracao.redenoticia.com.br\/noticia\/wp-json\/wp\/v2\/types\/post"}],"author":[{"embeddable":true,"href":"https:\/\/migracao.redenoticia.com.br\/noticia\/wp-json\/wp\/v2\/users\/4"}],"replies":[{"embeddable":true,"href":"https:\/\/migracao.redenoticia.com.br\/noticia\/wp-json\/wp\/v2\/comments?post=230727"}],"version-history":[{"count":0,"href":"https:\/\/migracao.redenoticia.com.br\/noticia\/wp-json\/wp\/v2\/posts\/230727\/revisions"}],"wp:featuredmedia":[{"embeddable":true,"href":"https:\/\/migracao.redenoticia.com.br\/noticia\/wp-json\/wp\/v2\/media\/230267"}],"wp:attachment":[{"href":"https:\/\/migracao.redenoticia.com.br\/noticia\/wp-json\/wp\/v2\/media?parent=230727"}],"wp:term":[{"taxonomy":"category","embeddable":true,"href":"https:\/\/migracao.redenoticia.com.br\/noticia\/wp-json\/wp\/v2\/categories?post=230727"},{"taxonomy":"post_tag","embeddable":true,"href":"https:\/\/migracao.redenoticia.com.br\/noticia\/wp-json\/wp\/v2\/tags?post=230727"}],"curies":[{"name":"wp","href":"https:\/\/api.w.org\/{rel}","templated":true}]}}