{"id":230743,"date":"2023-03-25T20:18:13","date_gmt":"2023-03-25T23:18:13","guid":{"rendered":"https:\/\/www.redenoticia.com.br\/noticia\/2023\/mega-sena-resultado-do-concurso-2577-sorteado-sabado-25-03-2023\/230743"},"modified":"2023-03-26T06:56:23","modified_gmt":"2023-03-26T09:56:23","slug":"mega-sena-resultado-do-concurso-2577-sorteado-sabado-25-03-2023","status":"publish","type":"post","link":"https:\/\/migracao.redenoticia.com.br\/noticia\/2023\/mega-sena-resultado-do-concurso-2577-sorteado-sabado-25-03-2023\/230743","title":{"rendered":"Mega Sena: Resultado do concurso 2577 sorteado  S\u00e1bado 25\/03\/2023"},"content":{"rendered":"<p>Resultado da Mega Sena, concurso 2577, realizado no  S\u00e1bado, dia 25\/03\/2023, no Espa\u00e7o da Sorte, na cidade de S\u00e3o Paulo: <\/p>\n<h2>N\u00fameros Sorteados Mega Sena 2577<\/h2>\n<div style =\"font-size: 1.3em;margin-bottom:20px;\"><b><span class=\"numberCircleMega\">12<\/span> <span class=\"numberCircleMega\">18<\/span> <span class=\"numberCircleMega\">22<\/span> <span class=\"numberCircleMega\">31<\/span> <span class=\"numberCircleMega\">44<\/span> <span class=\"numberCircleMega\">50<\/span><\/b> <\/div>\n<h2>Premia\u00e7\u00e3o Mega Sena 2577<\/h2>\n<table>\n<tr>\n<th>Acertos<\/th>\n<th>Ganhad.<\/th>\n<th>Pr\u00eamio<\/th>\n<\/tr>\n<tr>\n<td> 6<\/td>\n<td>0<\/td>\n<td>0,00<\/td>\n<\/tr>\n<tr>\n<td>5<\/td>\n<td>123<\/td>\n<td>46.928,10<\/td>\n<\/tr>\n<tr>\n<td>4<\/td>\n<td>9.182<\/td>\n<td>898,05<\/td>\n<\/tr>\n<\/table>\n<h2>Total de Apostas realizadas<\/h2>\n<p>No concurso 2577 da Mega Sena foi realizado um total de 22.247.684 apostas.<\/p>\n<h2>Pr\u00f3ximo Sorteio da Mega Sena <\/h2>\n<p>O pr\u00f3ximo sorteio ser\u00e1 realizado Quarta-feira 29\/03\/2023, no Espa\u00e7o da Sorte, na cidade de S\u00e3o Paulo. O pr\u00eamio previsto \u00e9 de R$ 75.000.000,00.<\/p>\n<h3>\u00daltimos Resultados da Mega Sena<\/h3>\n<p><lu><\/p>\n<li><a href=\"https:\/\/migracao.redenoticia.com.br\/noticia\/2023\/mega-sena-resultado-do-concurso-2577-sorteado-sabado-25-03-2023\/230743\">Mega Sena 2577<\/a><\/li>\n<li><a href=\"https:\/\/migracao.redenoticia.com.br\/noticia\/2023\/mega-sena-resultado-do-concurso-2576-sorteado-quarta-feira-22-03-2023\/230619\">Mega Sena 2576<\/a><\/li>\n<li><a href=\"https:\/\/migracao.redenoticia.com.br\/noticia\/2023\/mega-sena-resultado-do-concurso-2575-sorteado-sabado-18-03-2023\/230490\">Mega Sena 2575<\/a><\/li>\n<li><a href=\"https:\/\/migracao.redenoticia.com.br\/noticia\/2023\/mega-sena-resultado-do-concurso-2574-sorteado-quinta-feira-16-03-2023\/230424\">Mega Sena 2574<\/a><\/li>\n<li><a href=\"https:\/\/migracao.redenoticia.com.br\/noticia\/2023\/mega-sena-resultado-do-concurso-2573-sorteado-terca-feira-14-03-2023\/230337\">Mega Sena 2573<\/a><\/li>\n<p><\/lu><\/p>\n","protected":false},"excerpt":{"rendered":"<p>Mega Sena 2577 &#8211; Resultado, rateio e ganhadores da Mega Sena 2577 sorteado em 25\/03\/2023.<\/p>\n","protected":false},"author":5,"featured_media":194758,"comment_status":"closed","ping_status":"","sticky":false,"template":"","format":"standard","meta":{"tdm_status":"","tdm_grid_status":"","footnotes":""},"categories":[335,355],"tags":[],"class_list":{"0":"post-230743","1":"post","2":"type-post","3":"status-publish","4":"format-standard","5":"has-post-thumbnail","7":"category-loteria","8":"category-mega-sena"},"_links":{"self":[{"href":"https:\/\/migracao.redenoticia.com.br\/noticia\/wp-json\/wp\/v2\/posts\/230743","targetHints":{"allow":["GET"]}}],"collection":[{"href":"https:\/\/migracao.redenoticia.com.br\/noticia\/wp-json\/wp\/v2\/posts"}],"about":[{"href":"https:\/\/migracao.redenoticia.com.br\/noticia\/wp-json\/wp\/v2\/types\/post"}],"author":[{"embeddable":true,"href":"https:\/\/migracao.redenoticia.com.br\/noticia\/wp-json\/wp\/v2\/users\/5"}],"replies":[{"embeddable":true,"href":"https:\/\/migracao.redenoticia.com.br\/noticia\/wp-json\/wp\/v2\/comments?post=230743"}],"version-history":[{"count":0,"href":"https:\/\/migracao.redenoticia.com.br\/noticia\/wp-json\/wp\/v2\/posts\/230743\/revisions"}],"wp:featuredmedia":[{"embeddable":true,"href":"https:\/\/migracao.redenoticia.com.br\/noticia\/wp-json\/wp\/v2\/media\/194758"}],"wp:attachment":[{"href":"https:\/\/migracao.redenoticia.com.br\/noticia\/wp-json\/wp\/v2\/media?parent=230743"}],"wp:term":[{"taxonomy":"category","embeddable":true,"href":"https:\/\/migracao.redenoticia.com.br\/noticia\/wp-json\/wp\/v2\/categories?post=230743"},{"taxonomy":"post_tag","embeddable":true,"href":"https:\/\/migracao.redenoticia.com.br\/noticia\/wp-json\/wp\/v2\/tags?post=230743"}],"curies":[{"name":"wp","href":"https:\/\/api.w.org\/{rel}","templated":true}]}}