{"id":231060,"date":"2023-04-04T20:10:46","date_gmt":"2023-04-04T23:10:46","guid":{"rendered":"https:\/\/www.redenoticia.com.br\/noticia\/2023\/dia-de-sorte-resultado-do-concurso-740-sorteado-terca-feira-04-04-2023\/231060"},"modified":"2023-04-05T06:39:49","modified_gmt":"2023-04-05T09:39:49","slug":"dia-de-sorte-resultado-do-concurso-740-sorteado-terca-feira-04-04-2023","status":"publish","type":"post","link":"https:\/\/migracao.redenoticia.com.br\/noticia\/2023\/dia-de-sorte-resultado-do-concurso-740-sorteado-terca-feira-04-04-2023\/231060","title":{"rendered":"Dia de Sorte: Resultado do concurso 740 sorteado  Ter\u00e7a-feira 04\/04\/2023"},"content":{"rendered":"<p>Resultado do Dia de Sorte, concurso 740, realizado na  Ter\u00e7a-feira, dia 04\/04\/2023, no Espa\u00e7o da Sorte, na cidade de S\u00e3o Paulo: <\/p>\n<h2>N\u00fameros Sorteados Dia de Sorte 740<\/h2>\n<div style =\"font-size: 1.3em;margin-bottom:20px;\"><b><span class=\"numberCircleDiaDeSorte\">06<\/span><\/td>\n<p> <span class=\"numberCircleDiaDeSorte\">12<\/span><\/td>\n<p> <span class=\"numberCircleDiaDeSorte\">13<\/span><\/td>\n<p> <span class=\"numberCircleDiaDeSorte\">17<\/span><\/td>\n<p> <span class=\"numberCircleDiaDeSorte\">18<\/span><\/td>\n<p> <span class=\"numberCircleDiaDeSorte\">28<\/span><\/td>\n<p> <span class=\"numberCircleDiaDeSorte\">31<\/span><\/td>\n<p>M\u00eas da Sorte: Outubro<\/b> <\/div>\n<h2>Premia\u00e7\u00e3o Dia de Sorte 740<\/h2>\n<table>\n<tr>\n<th>Acertos<\/th>\n<th>Ganhad.<\/th>\n<th>Pr\u00eamio<\/th>\n<\/tr>\n<tr>\n<td>  7  <\/td>\n<td>0<\/td>\n<td>0,00<\/td>\n<\/tr>\n<tr>\n<td>  6 <\/td>\n<td>30<\/td>\n<td>2.124,25<\/td>\n<\/tr>\n<tr>\n<td>  5 <\/td>\n<td>1.208<\/td>\n<td>20,00<\/td>\n<\/tr>\n<tr>\n<td>  4 <\/td>\n<td>15.751<\/td>\n<td>4,00<\/td>\n<\/tr>\n<tr>\n<td>  M\u00eas da Sorte <\/td>\n<td>56.805<\/td>\n<td>2,00<\/td>\n<\/tr>\n<\/table>\n<h2>Total de Apostas realizadas<\/h2>\n<p>No concurso 740 do Dia de Sorte foi realizado um total de 581.589 apostas.<\/p>\n<h2>Pr\u00f3ximo Sorteio da Dia de Sorte <\/h2>\n<p>O pr\u00f3ximo sorteio ser\u00e1 realizado Quinta-feira 06\/04\/2023, no Espa\u00e7o da Sorte, na cidade de S\u00e3o Paulo. O pr\u00eamio previsto \u00e9 de R$ 300.000,00.<\/p>\n<h3>\u00daltimos Resultados do Dia de Sorte<\/h3>\n<p><lu><\/p>\n<li><a href=\"https:\/\/migracao.redenoticia.com.br\/noticia\/2023\/dia-de-sorte-resultado-do-concurso-740-sorteado-terca-feira-04-04-2023\/231060\">Dia de Sorte 740<\/a><\/li>\n<li><a href=\"https:\/\/migracao.redenoticia.com.br\/noticia\/2023\/dia-de-sorte-resultado-do-concurso-739-sorteado-sabado-01-04-2023\/230976\">Dia de Sorte 739<\/a><\/li>\n<li><a href=\"https:\/\/migracao.redenoticia.com.br\/noticia\/2023\/dia-de-sorte-resultado-do-concurso-738-sorteado-quinta-feira-30-03-2023\/230911\">Dia de Sorte 738<\/a><\/li>\n<li><a href=\"https:\/\/migracao.redenoticia.com.br\/noticia\/2023\/dia-de-sorte-resultado-do-concurso-737-sorteado-terca-feira-28-03-2023\/230833\">Dia de Sorte 737<\/a><\/li>\n<li><a href=\"https:\/\/migracao.redenoticia.com.br\/noticia\/2023\/dia-de-sorte-resultado-do-concurso-736-sorteado-sabado-25-03-2023\/230768\">Dia de Sorte 736<\/a><\/li>\n<p><\/lu><\/p>\n","protected":false},"excerpt":{"rendered":"<p>Dia de Sorte 740 &#8211; Resultado, rateio e ganhadores do Dia de Sorte 740 sorteado em 04\/04\/2023.<\/p>\n","protected":false},"author":5,"featured_media":196327,"comment_status":"closed","ping_status":"","sticky":false,"template":"","format":"standard","meta":{"tdm_status":"","tdm_grid_status":"","footnotes":""},"categories":[478,335],"tags":[],"class_list":{"0":"post-231060","1":"post","2":"type-post","3":"status-publish","4":"format-standard","5":"has-post-thumbnail","7":"category-dia-de-sorte","8":"category-loteria"},"_links":{"self":[{"href":"https:\/\/migracao.redenoticia.com.br\/noticia\/wp-json\/wp\/v2\/posts\/231060","targetHints":{"allow":["GET"]}}],"collection":[{"href":"https:\/\/migracao.redenoticia.com.br\/noticia\/wp-json\/wp\/v2\/posts"}],"about":[{"href":"https:\/\/migracao.redenoticia.com.br\/noticia\/wp-json\/wp\/v2\/types\/post"}],"author":[{"embeddable":true,"href":"https:\/\/migracao.redenoticia.com.br\/noticia\/wp-json\/wp\/v2\/users\/5"}],"replies":[{"embeddable":true,"href":"https:\/\/migracao.redenoticia.com.br\/noticia\/wp-json\/wp\/v2\/comments?post=231060"}],"version-history":[{"count":0,"href":"https:\/\/migracao.redenoticia.com.br\/noticia\/wp-json\/wp\/v2\/posts\/231060\/revisions"}],"wp:featuredmedia":[{"embeddable":true,"href":"https:\/\/migracao.redenoticia.com.br\/noticia\/wp-json\/wp\/v2\/media\/196327"}],"wp:attachment":[{"href":"https:\/\/migracao.redenoticia.com.br\/noticia\/wp-json\/wp\/v2\/media?parent=231060"}],"wp:term":[{"taxonomy":"category","embeddable":true,"href":"https:\/\/migracao.redenoticia.com.br\/noticia\/wp-json\/wp\/v2\/categories?post=231060"},{"taxonomy":"post_tag","embeddable":true,"href":"https:\/\/migracao.redenoticia.com.br\/noticia\/wp-json\/wp\/v2\/tags?post=231060"}],"curies":[{"name":"wp","href":"https:\/\/api.w.org\/{rel}","templated":true}]}}