{"id":231134,"date":"2023-04-06T17:16:42","date_gmt":"2023-04-06T20:16:42","guid":{"rendered":"https:\/\/www.redenoticia.com.br\/noticia\/?p=231134"},"modified":"2023-04-06T17:16:42","modified_gmt":"2023-04-06T20:16:42","slug":"resumo-vai-na-fe-07-04-sol-revela-a-jenifer-que-ben-e-seu-pai-biologico","status":"publish","type":"post","link":"https:\/\/migracao.redenoticia.com.br\/noticia\/2023\/resumo-vai-na-fe-07-04-sol-revela-a-jenifer-que-ben-e-seu-pai-biologico\/231134","title":{"rendered":"Resumo \u201cVai na F\u00e9\u201d 07\/04: Sol revela a Jenifer que Ben \u00e9 seu pai biol\u00f3gico"},"content":{"rendered":"<p> <img loading=\"lazy\" decoding=\"async\" class=\"aligncenter size-full wp-image-228023\" src=\"https:\/\/migracao.redenoticia.com.br\/noticia\/imagens\/vai-na-fe-elenco-resumo-personagens.jpg\" alt=\"\" width=\"1280\" height=\"720\" srcset=\"https:\/\/migracao.redenoticia.com.br\/noticia\/imagens\/vai-na-fe-elenco-resumo-personagens.jpg 1280w, https:\/\/migracao.redenoticia.com.br\/noticia\/imagens\/vai-na-fe-elenco-resumo-personagens-250x140.jpg 250w, https:\/\/migracao.redenoticia.com.br\/noticia\/imagens\/vai-na-fe-elenco-resumo-personagens-400x225.jpg 400w, https:\/\/migracao.redenoticia.com.br\/noticia\/imagens\/vai-na-fe-elenco-resumo-personagens-768x432.jpg 768w, https:\/\/migracao.redenoticia.com.br\/noticia\/imagens\/vai-na-fe-elenco-resumo-personagens-150x84.jpg 150w\" sizes=\"auto, (max-width: 1280px) 100vw, 1280px\" \/><\/p>\n<p><strong><em>Resumo da novela \u201cVai na F\u00e9\u201d<\/em><\/strong> em 07\/04: no cap\u00edtulo 072(*) da novela, Jenifer fica sem saber como lidar com sua descoberta. Kate grava Fred assediando Guiga. Jenifer exige que a amiga conte o que sabe sobre o relacionamento de Theo e Sol. Kate envia a Guiga o v\u00eddeo que fez de Fred a assediando. Jenifer vai \u00e0 casa de Theo, e Rafa descobre que pode ter uma irm\u00e3. <\/p>\n<p>Guiga mostra o v\u00eddeo do ass\u00e9dio para Fred, e fala com Lumiar sobre poder process\u00e1-lo. \u00c9rika chantageia William para que seja seu agente. Jenifer confirma com Lumiar a possibilidade de Theo ser seu pai biol\u00f3gico. Sol tira satisfa\u00e7\u00f5es com Lui pela forma como ele a est\u00e1 tratando. Theo garante a Orfeu que n\u00e3o ir\u00e1 mais trabalhar com os produtos il\u00edcitos indicados por ele. <\/p>\n<p>Rafa fica ansioso para saber quando Jenifer far\u00e1 o exame de DNA. Jenifer questiona Sol sobre Theo. Lumiar conta para Ben que Jenifer a procurou para saber sobre Theo. Pressionada, Sol revela a Jenifer que Ben \u00e9 seu pai biol\u00f3gico.<\/p>\n<p>(*) edi\u00e7\u00e3o das novelas da Globo, \u201cVai na F\u00e9\u201d, sujeito a altera\u00e7\u00e3o de data e conte\u00fado.<\/p>\n<p>Sinopse \u201cVai na F\u00e9\u201d: Sol abandonou o sonho de ser cantora para se tornar evang\u00e9lica e casar com Carl\u00e3o, por\u00e9m, 20 anos depois, a vida lhe d\u00e1 uma nova chance quando ela recebe o convite para ser backing vocal do cantor decadente Lui Lorenzo ao ser descoberta cantando para vender marmitas no centro do Rio de Janeiro.<\/p>\n<p>Com duas filhas para criar e o marido desempregado, ela aceita, por\u00e9m a decis\u00e3o vira sua vida do avesso: ela ganha cada vez mais fama e passa a ser hostilizada na igreja, al\u00e9m de enfrentar a paix\u00e3o de Lui e o reencontro com Ben, seu grande amor de juventude que nunca a esqueceu. Filha de Sol, Jeniffer ganha uma bolsa de estudos numa conceituada faculdade, onde tem de enfrentar as persegui\u00e7\u00f5es da preconceituosa influenciadora digital Guiga e a paix\u00e3o de Yuri, apesar dela namorar Tato.<\/p>\n","protected":false},"excerpt":{"rendered":"<p>Resumo da novela \u201cVai na F\u00e9\u201d em 07\/04: no cap\u00edtulo 072(*) da novela, Jenifer fica sem saber como lidar com sua descoberta. Kate grava Fred assediando Guiga. Jenifer exige que a amiga conte o que sabe sobre o relacionamento de Theo e Sol. Kate envia a Guiga o v\u00eddeo que fez de Fred a assediando. [&hellip;]<\/p>\n","protected":false},"author":4,"featured_media":228022,"comment_status":"closed","ping_status":"closed","sticky":false,"template":"","format":"standard","meta":{"tdm_status":"","tdm_grid_status":"","footnotes":""},"categories":[379,375,2025,343,2294],"tags":[441],"class_list":{"0":"post-231134","1":"post","2":"type-post","3":"status-publish","4":"format-standard","5":"has-post-thumbnail","7":"category-novelas","8":"category-rede-globo","9":"category-resumo","10":"category-televisao","11":"category-vai-na-fe","12":"tag-resumo-do-dia"},"_links":{"self":[{"href":"https:\/\/migracao.redenoticia.com.br\/noticia\/wp-json\/wp\/v2\/posts\/231134","targetHints":{"allow":["GET"]}}],"collection":[{"href":"https:\/\/migracao.redenoticia.com.br\/noticia\/wp-json\/wp\/v2\/posts"}],"about":[{"href":"https:\/\/migracao.redenoticia.com.br\/noticia\/wp-json\/wp\/v2\/types\/post"}],"author":[{"embeddable":true,"href":"https:\/\/migracao.redenoticia.com.br\/noticia\/wp-json\/wp\/v2\/users\/4"}],"replies":[{"embeddable":true,"href":"https:\/\/migracao.redenoticia.com.br\/noticia\/wp-json\/wp\/v2\/comments?post=231134"}],"version-history":[{"count":0,"href":"https:\/\/migracao.redenoticia.com.br\/noticia\/wp-json\/wp\/v2\/posts\/231134\/revisions"}],"wp:featuredmedia":[{"embeddable":true,"href":"https:\/\/migracao.redenoticia.com.br\/noticia\/wp-json\/wp\/v2\/media\/228022"}],"wp:attachment":[{"href":"https:\/\/migracao.redenoticia.com.br\/noticia\/wp-json\/wp\/v2\/media?parent=231134"}],"wp:term":[{"taxonomy":"category","embeddable":true,"href":"https:\/\/migracao.redenoticia.com.br\/noticia\/wp-json\/wp\/v2\/categories?post=231134"},{"taxonomy":"post_tag","embeddable":true,"href":"https:\/\/migracao.redenoticia.com.br\/noticia\/wp-json\/wp\/v2\/tags?post=231134"}],"curies":[{"name":"wp","href":"https:\/\/api.w.org\/{rel}","templated":true}]}}