{"id":2312,"date":"2009-06-03T19:32:54","date_gmt":"2009-06-03T23:32:54","guid":{"rendered":"http:\/\/www.redenoticia.com.br\/noticia\/?p=2312"},"modified":"2009-06-03T19:32:54","modified_gmt":"2009-06-03T23:32:54","slug":"camara-vai-discutir-propostas-de-mudanca-na-legislacao-eleitoral","status":"publish","type":"post","link":"https:\/\/migracao.redenoticia.com.br\/noticia\/2009\/camara-vai-discutir-propostas-de-mudanca-na-legislacao-eleitoral\/2312","title":{"rendered":"C\u00e2mara vai discutir propostas de mudan\u00e7a na legisla\u00e7\u00e3o eleitoral"},"content":{"rendered":"<p><span class=\"titulo11\"><\/span><span class=\"assinatura11\"><span style=\"font-size: 11pt; font-family: Arial; color: windowtext;\"> <\/span><\/span><span style=\"font-size: 11pt; font-family: Arial;\">Por conta da falta de consenso e da paralisa\u00e7\u00e3o nas discuss\u00f5es sobre a reforma pol\u00edtica, o presidente da C\u00e2mara, Michel Temer (PMDB-SP), quer discutir propostas de mudan\u00e7a na legisla\u00e7\u00e3o eleitoral. A ideia \u00e9 que essas mudan\u00e7as j\u00e1 comecem a valer nas elei\u00e7\u00f5es do ano que vem.<\/p>\n<p>Temer marcou uma reuni\u00e3o de l\u00edderes para amanh\u00e3 (4) com o objetivo de discutir o assunto, especialmente as propostas do deputado Fl\u00e1vio Dino (PCdoB-MA) sobre a reforma da legisla\u00e7\u00e3o eleitoral.<\/p>\n<p>Entre as propostas que ser\u00e3o discutidas, est\u00e1 a que trata do financiamento p\u00fablico de campanha, de autoria do deputado Fl\u00e1vio Dino (PcdoB-MA). Pelo projeto, empresas ficam proibidas de financiar campanhas e seria estabelecido um teto para que pessoas f\u00edsicas possam fazer doa\u00e7\u00f5es. Os partidos tamb\u00e9m poder\u00e3o repassar recursos aos candidatos, mas os crit\u00e9rios do repasse dever\u00e3o ser definidos pelo diret\u00f3rio nacional. Nenhum candidato poder\u00e1 receber mais do que o dobro de outro de mesmo partido.<\/p>\n<p>Outra proposta, tamb\u00e9m de autoria de Fl\u00e1vio Dino, permite a pr\u00e9-campanha eleitoral e libera as pr\u00e9vias partid\u00e1rias e a propaganda pela <em>internet<\/em>. Atualmente, n\u00e3o h\u00e1 lei permitindo a pr\u00e9-campanha.<\/span><\/p>\n<p class=\"MsoNormal\" style=\"margin-bottom: 12pt;\"><span class=\"assinatura11\"><span style=\"font-size: 11pt; font-family: Arial; color: windowtext;\">Priscilla Mazenotti <\/span><\/span><span style=\"font-size: 11pt; font-family: Arial;\"><br \/>\n<span class=\"assinatura11\"><em><span style=\"font-family: Arial; color: windowtext;\">Rep\u00f3rter da Ag\u00eancia Brasil<\/span><\/em><\/span><span class=\"assinatura11\"><span style=\"font-family: Arial; color: windowtext;\"> <\/span><\/span><\/span><\/p>\n","protected":false},"excerpt":{"rendered":"<p>Por conta da falta de consenso e da paralisa\u00e7\u00e3o nas discuss\u00f5es sobre a reforma pol\u00edtica, o presidente da C\u00e2mara, Michel Temer (PMDB-SP), quer discutir propostas de mudan\u00e7a na legisla\u00e7\u00e3o eleitoral. A ideia \u00e9 que essas mudan\u00e7as j\u00e1 comecem a valer nas elei\u00e7\u00f5es do ano que vem. Temer marcou uma reuni\u00e3o de l\u00edderes para amanh\u00e3 (4) [&hellip;]<\/p>\n","protected":false},"author":3,"featured_media":0,"comment_status":"open","ping_status":"open","sticky":false,"template":"","format":"standard","meta":{"tdm_status":"","tdm_grid_status":"","footnotes":""},"categories":[22],"tags":[],"class_list":{"0":"post-2312","1":"post","2":"type-post","3":"status-publish","4":"format-standard","6":"category-brasil"},"_links":{"self":[{"href":"https:\/\/migracao.redenoticia.com.br\/noticia\/wp-json\/wp\/v2\/posts\/2312","targetHints":{"allow":["GET"]}}],"collection":[{"href":"https:\/\/migracao.redenoticia.com.br\/noticia\/wp-json\/wp\/v2\/posts"}],"about":[{"href":"https:\/\/migracao.redenoticia.com.br\/noticia\/wp-json\/wp\/v2\/types\/post"}],"author":[{"embeddable":true,"href":"https:\/\/migracao.redenoticia.com.br\/noticia\/wp-json\/wp\/v2\/users\/3"}],"replies":[{"embeddable":true,"href":"https:\/\/migracao.redenoticia.com.br\/noticia\/wp-json\/wp\/v2\/comments?post=2312"}],"version-history":[{"count":0,"href":"https:\/\/migracao.redenoticia.com.br\/noticia\/wp-json\/wp\/v2\/posts\/2312\/revisions"}],"wp:attachment":[{"href":"https:\/\/migracao.redenoticia.com.br\/noticia\/wp-json\/wp\/v2\/media?parent=2312"}],"wp:term":[{"taxonomy":"category","embeddable":true,"href":"https:\/\/migracao.redenoticia.com.br\/noticia\/wp-json\/wp\/v2\/categories?post=2312"},{"taxonomy":"post_tag","embeddable":true,"href":"https:\/\/migracao.redenoticia.com.br\/noticia\/wp-json\/wp\/v2\/tags?post=2312"}],"curies":[{"name":"wp","href":"https:\/\/api.w.org\/{rel}","templated":true}]}}