{"id":231216,"date":"2023-04-09T17:19:49","date_gmt":"2023-04-09T20:19:49","guid":{"rendered":"https:\/\/www.redenoticia.com.br\/noticia\/?p=231216"},"modified":"2023-04-09T17:19:49","modified_gmt":"2023-04-09T20:19:49","slug":"resumo-poliana-moca-10-04-otto-avisa-poliana-que-tiao-fugiu-com-joao","status":"publish","type":"post","link":"https:\/\/migracao.redenoticia.com.br\/noticia\/2023\/resumo-poliana-moca-10-04-otto-avisa-poliana-que-tiao-fugiu-com-joao\/231216","title":{"rendered":"Resumo \u201cPoliana Mo\u00e7a\u201d 10\/04: Otto avisa Poliana que Ti\u00e3o fugiu com Jo\u00e3o"},"content":{"rendered":"<p> <img loading=\"lazy\" decoding=\"async\" class=\"aligncenter size-full wp-image-217353\" src=\"https:\/\/migracao.redenoticia.com.br\/noticia\/imagens\/poliana_moca_elenco.jpg\" alt=\"\" width=\"1280\" height=\"720\" srcset=\"https:\/\/migracao.redenoticia.com.br\/noticia\/imagens\/poliana_moca_elenco.jpg 1280w, https:\/\/migracao.redenoticia.com.br\/noticia\/imagens\/poliana_moca_elenco-250x140.jpg 250w, https:\/\/migracao.redenoticia.com.br\/noticia\/imagens\/poliana_moca_elenco-400x225.jpg 400w, https:\/\/migracao.redenoticia.com.br\/noticia\/imagens\/poliana_moca_elenco-768x432.jpg 768w, https:\/\/migracao.redenoticia.com.br\/noticia\/imagens\/poliana_moca_elenco-150x84.jpg 150w\" sizes=\"auto, (max-width: 1280px) 100vw, 1280px\" \/><\/p>\n<p><strong><em>Resumo da novela \u201cPoliana Mo\u00e7a\u201d<\/em><\/strong> em 10\/04: no cap\u00edtulo 276(*) da novela, Davi explica para Eug\u00eania que se Zezinho for o pai biol\u00f3gico de Pedro e Chloe, ele tem o direito de conviver com as crian\u00e7as. Andr\u00e9 recebe o v\u00eddeo de Chayene no momento que recebe o urso de pel\u00facia e fica preocupado se Raquel vai receber tamb\u00e9m. Ti\u00e3o captura Jo\u00e3o e arrasta o garoto para o sagu\u00e3o do aeroporto. Ti\u00e3o leva Jo\u00e3o para o Cear\u00e1. Ruth, Lu\u00edsa e Otto chegam em seguida e procuram voos para o Cear\u00e1. <\/p>\n<p>Andr\u00e9 fica preocupado com a origem dessa Chayene, Formiga sugere para Andr\u00e9 encontrar a menina para ver quem ela \u00e9. Pessoalmente, Edite agradece Renato pela tarde que passaram juntos e por explicar todo o sistema da Escola Ruth Goulart. <\/p>\n<p>Edite pede mais um encontro com Renato, ele aceita, mas pede para n\u00e3o contar para Ruth. Nanci depara com Celeste na rua, esbarra com ela e Celeste derruba a bolsa, deixando cair uma peruca loira. Otto vai para casa e avisa Poliana que Ti\u00e3o fugiu com Jo\u00e3o. Celeste veste a peruca, coloca celular escondido e grava momento com Andr\u00e9. <\/p>\n<p>Desconhecendo ser Celeste, o cowboy devolve o urso de pel\u00facia e pede para ela n\u00e3o o procurar mais. Poliana implora para Otto ir para o Cear\u00e1, mas o pai n\u00e3o gosta da ideia. Os g\u00eameos ficam preocupados porque Lorena est\u00e1 fazendo muita maquiagem por inseguran\u00e7a do corpo. Raquel recebe imagens de Andr\u00e9 com Chayne. Raquel mostra o v\u00eddeo de Andr\u00e9 para Brenda e chora acreditando em uma poss\u00edvel trai\u00e7\u00e3o.<\/p>\n<p>(*) edi\u00e7\u00e3o das novelas do SBT, \u201cPoliana Mo\u00e7a\u201d, sujeito a altera\u00e7\u00e3o de data e conte\u00fado.<\/p>\n<p>Sinopse \u201cPoliana Mo\u00e7a\u201d: Poliana (Sophia Valverde), agora com 15 anos, precisa enfrentar os dilemas t\u00edpicos da adolesc\u00eancia, como os dramas escolares, os planos para o futuro e a descoberta do amor entre o ex-valent\u00e3o Eric (Lucas Burgatti) e seu melhor amigo Jo\u00e3o (Igor Jansen), encontrando em Helena (Lu\u00edsa Bresser) uma rival no cora\u00e7\u00e3o dos dois.<\/p>\n","protected":false},"excerpt":{"rendered":"<p>Resumo da novela \u201cPoliana Mo\u00e7a\u201d em 10\/04: no cap\u00edtulo 276(*) da novela, Davi explica para Eug\u00eania que se Zezinho for o pai biol\u00f3gico de Pedro e Chloe, ele tem o direito de conviver com as crian\u00e7as. Andr\u00e9 recebe o v\u00eddeo de Chayene no momento que recebe o urso de pel\u00facia e fica preocupado se Raquel [&hellip;]<\/p>\n","protected":false},"author":3,"featured_media":217354,"comment_status":"closed","ping_status":"closed","sticky":false,"template":"","format":"standard","meta":{"tdm_status":"","tdm_grid_status":"","footnotes":""},"categories":[379,2259,2025,372,343],"tags":[441],"class_list":{"0":"post-231216","1":"post","2":"type-post","3":"status-publish","4":"format-standard","5":"has-post-thumbnail","7":"category-novelas","8":"category-poliana-moca","9":"category-resumo","10":"category-sbt","11":"category-televisao","12":"tag-resumo-do-dia"},"_links":{"self":[{"href":"https:\/\/migracao.redenoticia.com.br\/noticia\/wp-json\/wp\/v2\/posts\/231216","targetHints":{"allow":["GET"]}}],"collection":[{"href":"https:\/\/migracao.redenoticia.com.br\/noticia\/wp-json\/wp\/v2\/posts"}],"about":[{"href":"https:\/\/migracao.redenoticia.com.br\/noticia\/wp-json\/wp\/v2\/types\/post"}],"author":[{"embeddable":true,"href":"https:\/\/migracao.redenoticia.com.br\/noticia\/wp-json\/wp\/v2\/users\/3"}],"replies":[{"embeddable":true,"href":"https:\/\/migracao.redenoticia.com.br\/noticia\/wp-json\/wp\/v2\/comments?post=231216"}],"version-history":[{"count":0,"href":"https:\/\/migracao.redenoticia.com.br\/noticia\/wp-json\/wp\/v2\/posts\/231216\/revisions"}],"wp:featuredmedia":[{"embeddable":true,"href":"https:\/\/migracao.redenoticia.com.br\/noticia\/wp-json\/wp\/v2\/media\/217354"}],"wp:attachment":[{"href":"https:\/\/migracao.redenoticia.com.br\/noticia\/wp-json\/wp\/v2\/media?parent=231216"}],"wp:term":[{"taxonomy":"category","embeddable":true,"href":"https:\/\/migracao.redenoticia.com.br\/noticia\/wp-json\/wp\/v2\/categories?post=231216"},{"taxonomy":"post_tag","embeddable":true,"href":"https:\/\/migracao.redenoticia.com.br\/noticia\/wp-json\/wp\/v2\/tags?post=231216"}],"curies":[{"name":"wp","href":"https:\/\/api.w.org\/{rel}","templated":true}]}}