{"id":231328,"date":"2023-04-12T20:02:52","date_gmt":"2023-04-12T23:02:52","guid":{"rendered":"https:\/\/www.redenoticia.com.br\/noticia\/2023\/mega-sena-resultado-do-concurso-2582-sorteado-quarta-feira-12-04-2023\/231328"},"modified":"2023-04-13T07:24:58","modified_gmt":"2023-04-13T10:24:58","slug":"mega-sena-resultado-do-concurso-2582-sorteado-quarta-feira-12-04-2023","status":"publish","type":"post","link":"https:\/\/migracao.redenoticia.com.br\/noticia\/2023\/mega-sena-resultado-do-concurso-2582-sorteado-quarta-feira-12-04-2023\/231328","title":{"rendered":"Mega Sena: Resultado do concurso 2582 sorteado  Quarta-feira 12\/04\/2023"},"content":{"rendered":"<p>Resultado da Mega Sena, concurso 2582, realizado na  Quarta-feira, dia 12\/04\/2023, no Espa\u00e7o da Sorte, na cidade de S\u00e3o Paulo: <\/p>\n<h2>N\u00fameros Sorteados Mega Sena 2582<\/h2>\n<div style =\"font-size: 1.3em;margin-bottom:20px;\"><b><span class=\"numberCircleMega\">10<\/span> <span class=\"numberCircleMega\">14<\/span> <span class=\"numberCircleMega\">17<\/span> <span class=\"numberCircleMega\">19<\/span> <span class=\"numberCircleMega\">21<\/span> <span class=\"numberCircleMega\">34<\/span><\/b> <\/div>\n<h2>Premia\u00e7\u00e3o Mega Sena 2582<\/h2>\n<table>\n<tr>\n<th>Acertos<\/th>\n<th>Ganhad.<\/th>\n<th>Pr\u00eamio<\/th>\n<\/tr>\n<tr>\n<td> 6<\/td>\n<td>0<\/td>\n<td>0,00<\/td>\n<\/tr>\n<tr>\n<td>5<\/td>\n<td>95<\/td>\n<td>21.843,53<\/td>\n<\/tr>\n<tr>\n<td>4<\/td>\n<td>6.127<\/td>\n<td>483,83<\/td>\n<\/tr>\n<\/table>\n<h2>Total de Apostas realizadas<\/h2>\n<p>No concurso 2582 da Mega Sena foi realizado um total de 7.998.216 apostas.<\/p>\n<h2>Pr\u00f3ximo Sorteio da Mega Sena <\/h2>\n<p>O pr\u00f3ximo sorteio ser\u00e1 realizado S\u00e1bado 15\/04\/2023, no Espa\u00e7o da Sorte, na cidade de S\u00e3o Paulo. O pr\u00eamio previsto \u00e9 de R$ 9.000.000,00.<\/p>\n<h3>\u00daltimos Resultados da Mega Sena<\/h3>\n<p><lu><\/p>\n<li><a href=\"https:\/\/migracao.redenoticia.com.br\/noticia\/2023\/mega-sena-resultado-do-concurso-2582-sorteado-quarta-feira-12-04-2023\/231328\">Mega Sena 2582<\/a><\/li>\n<li><a href=\"https:\/\/migracao.redenoticia.com.br\/noticia\/2023\/mega-sena-resultado-do-concurso-2581-sorteado-sabado-08-04-2023\/231182\">Mega Sena 2581<\/a><\/li>\n<li><a href=\"https:\/\/migracao.redenoticia.com.br\/noticia\/2023\/mega-sena-resultado-do-concurso-2580-sorteado-quarta-feira-05-04-2023\/231097\">Mega Sena 2580<\/a><\/li>\n<li><a href=\"https:\/\/migracao.redenoticia.com.br\/noticia\/2023\/mega-sena-resultado-do-concurso-2579-sorteado-sabado-01-04-2023\/230968\">Mega Sena 2579<\/a><\/li>\n<li><a href=\"https:\/\/migracao.redenoticia.com.br\/noticia\/2023\/mega-sena-resultado-do-concurso-2578-sorteado-quarta-feira-29-03-2023\/230871\">Mega Sena 2578<\/a><\/li>\n<p><\/lu><\/p>\n","protected":false},"excerpt":{"rendered":"<p>Mega Sena 2582 &#8211; Resultado, rateio e ganhadores da Mega Sena 2582 sorteado em 12\/04\/2023.<\/p>\n","protected":false},"author":5,"featured_media":194758,"comment_status":"closed","ping_status":"","sticky":false,"template":"","format":"standard","meta":{"tdm_status":"","tdm_grid_status":"","footnotes":""},"categories":[335,355],"tags":[],"class_list":{"0":"post-231328","1":"post","2":"type-post","3":"status-publish","4":"format-standard","5":"has-post-thumbnail","7":"category-loteria","8":"category-mega-sena"},"_links":{"self":[{"href":"https:\/\/migracao.redenoticia.com.br\/noticia\/wp-json\/wp\/v2\/posts\/231328","targetHints":{"allow":["GET"]}}],"collection":[{"href":"https:\/\/migracao.redenoticia.com.br\/noticia\/wp-json\/wp\/v2\/posts"}],"about":[{"href":"https:\/\/migracao.redenoticia.com.br\/noticia\/wp-json\/wp\/v2\/types\/post"}],"author":[{"embeddable":true,"href":"https:\/\/migracao.redenoticia.com.br\/noticia\/wp-json\/wp\/v2\/users\/5"}],"replies":[{"embeddable":true,"href":"https:\/\/migracao.redenoticia.com.br\/noticia\/wp-json\/wp\/v2\/comments?post=231328"}],"version-history":[{"count":0,"href":"https:\/\/migracao.redenoticia.com.br\/noticia\/wp-json\/wp\/v2\/posts\/231328\/revisions"}],"wp:featuredmedia":[{"embeddable":true,"href":"https:\/\/migracao.redenoticia.com.br\/noticia\/wp-json\/wp\/v2\/media\/194758"}],"wp:attachment":[{"href":"https:\/\/migracao.redenoticia.com.br\/noticia\/wp-json\/wp\/v2\/media?parent=231328"}],"wp:term":[{"taxonomy":"category","embeddable":true,"href":"https:\/\/migracao.redenoticia.com.br\/noticia\/wp-json\/wp\/v2\/categories?post=231328"},{"taxonomy":"post_tag","embeddable":true,"href":"https:\/\/migracao.redenoticia.com.br\/noticia\/wp-json\/wp\/v2\/tags?post=231328"}],"curies":[{"name":"wp","href":"https:\/\/api.w.org\/{rel}","templated":true}]}}