{"id":231419,"date":"2023-04-15T17:46:54","date_gmt":"2023-04-15T20:46:54","guid":{"rendered":"https:\/\/www.redenoticia.com.br\/noticia\/?p=231419"},"modified":"2023-04-15T17:46:54","modified_gmt":"2023-04-15T20:46:54","slug":"resumo-vai-na-fe-17-04-fred-se-anima-com-progresso-de-rafa-e-comemora-com-kate","status":"publish","type":"post","link":"https:\/\/migracao.redenoticia.com.br\/noticia\/2023\/resumo-vai-na-fe-17-04-fred-se-anima-com-progresso-de-rafa-e-comemora-com-kate\/231419","title":{"rendered":"Resumo \u201cVai na F\u00e9\u201d 17\/04: Fred se anima com progresso de Rafa e comemora com Kate"},"content":{"rendered":"<p> <img loading=\"lazy\" decoding=\"async\" class=\"aligncenter size-full wp-image-228023\" src=\"https:\/\/migracao.redenoticia.com.br\/noticia\/imagens\/vai-na-fe-elenco-resumo-personagens.jpg\" alt=\"\" width=\"1280\" height=\"720\" srcset=\"https:\/\/migracao.redenoticia.com.br\/noticia\/imagens\/vai-na-fe-elenco-resumo-personagens.jpg 1280w, https:\/\/migracao.redenoticia.com.br\/noticia\/imagens\/vai-na-fe-elenco-resumo-personagens-250x140.jpg 250w, https:\/\/migracao.redenoticia.com.br\/noticia\/imagens\/vai-na-fe-elenco-resumo-personagens-400x225.jpg 400w, https:\/\/migracao.redenoticia.com.br\/noticia\/imagens\/vai-na-fe-elenco-resumo-personagens-768x432.jpg 768w, https:\/\/migracao.redenoticia.com.br\/noticia\/imagens\/vai-na-fe-elenco-resumo-personagens-150x84.jpg 150w\" sizes=\"auto, (max-width: 1280px) 100vw, 1280px\" \/><\/p>\n<p><strong><em>Resumo da novela \u201cVai na F\u00e9\u201d<\/em><\/strong> em 17\/04: no cap\u00edtulo 080(*) da novela, Lumiar se lembra de Ben e se afasta de Theo. Jenifer afirma que n\u00e3o far\u00e1 um exame de DNA, e Sol reage aliviada. Rafa se incomoda com a obsess\u00e3o de Theo em querer ser o pai de Jenifer. Ben cogita a ideia de morar em Piedade. Os alunos organizam o ICAES para os Jogos Jur\u00eddicos. <\/p>\n<p>Ricardo percebe o desentendimento entre Lumiar e Bem, e tenta se aproximar da ex-namorada. Ben lembra de quando sofreu racismo. Kate se emociona com a foto que Rafa faz dela. O time de Jenifer ganha do time de Ricardo. Fred se anima com o progresso de Rafa e comemora com Kate. O muro do ICAES amanhece pichado com ofensas racistas, e Ben e os alunos se revoltam.<\/p>\n<p>(*) edi\u00e7\u00e3o das novelas da Globo, \u201cVai na F\u00e9\u201d, sujeito a altera\u00e7\u00e3o de data e conte\u00fado.<\/p>\n<p>Sinopse \u201cVai na F\u00e9\u201d: Sol abandonou o sonho de ser cantora para se tornar evang\u00e9lica e casar com Carl\u00e3o, por\u00e9m, 20 anos depois, a vida lhe d\u00e1 uma nova chance quando ela recebe o convite para ser backing vocal do cantor decadente Lui Lorenzo ao ser descoberta cantando para vender marmitas no centro do Rio de Janeiro.<\/p>\n<p>Com duas filhas para criar e o marido desempregado, ela aceita, por\u00e9m a decis\u00e3o vira sua vida do avesso: ela ganha cada vez mais fama e passa a ser hostilizada na igreja, al\u00e9m de enfrentar a paix\u00e3o de Lui e o reencontro com Ben, seu grande amor de juventude que nunca a esqueceu. Filha de Sol, Jeniffer ganha uma bolsa de estudos numa conceituada faculdade, onde tem de enfrentar as persegui\u00e7\u00f5es da preconceituosa influenciadora digital Guiga e a paix\u00e3o de Yuri, apesar dela namorar Tato.<\/p>\n","protected":false},"excerpt":{"rendered":"<p>Resumo da novela \u201cVai na F\u00e9\u201d em 17\/04: no cap\u00edtulo 080(*) da novela, Lumiar se lembra de Ben e se afasta de Theo. Jenifer afirma que n\u00e3o far\u00e1 um exame de DNA, e Sol reage aliviada. Rafa se incomoda com a obsess\u00e3o de Theo em querer ser o pai de Jenifer. Ben cogita a ideia [&hellip;]<\/p>\n","protected":false},"author":2,"featured_media":228022,"comment_status":"closed","ping_status":"closed","sticky":false,"template":"","format":"standard","meta":{"tdm_status":"","tdm_grid_status":"","footnotes":""},"categories":[379,375,2025,343,2294],"tags":[441],"class_list":{"0":"post-231419","1":"post","2":"type-post","3":"status-publish","4":"format-standard","5":"has-post-thumbnail","7":"category-novelas","8":"category-rede-globo","9":"category-resumo","10":"category-televisao","11":"category-vai-na-fe","12":"tag-resumo-do-dia"},"_links":{"self":[{"href":"https:\/\/migracao.redenoticia.com.br\/noticia\/wp-json\/wp\/v2\/posts\/231419","targetHints":{"allow":["GET"]}}],"collection":[{"href":"https:\/\/migracao.redenoticia.com.br\/noticia\/wp-json\/wp\/v2\/posts"}],"about":[{"href":"https:\/\/migracao.redenoticia.com.br\/noticia\/wp-json\/wp\/v2\/types\/post"}],"author":[{"embeddable":true,"href":"https:\/\/migracao.redenoticia.com.br\/noticia\/wp-json\/wp\/v2\/users\/2"}],"replies":[{"embeddable":true,"href":"https:\/\/migracao.redenoticia.com.br\/noticia\/wp-json\/wp\/v2\/comments?post=231419"}],"version-history":[{"count":0,"href":"https:\/\/migracao.redenoticia.com.br\/noticia\/wp-json\/wp\/v2\/posts\/231419\/revisions"}],"wp:featuredmedia":[{"embeddable":true,"href":"https:\/\/migracao.redenoticia.com.br\/noticia\/wp-json\/wp\/v2\/media\/228022"}],"wp:attachment":[{"href":"https:\/\/migracao.redenoticia.com.br\/noticia\/wp-json\/wp\/v2\/media?parent=231419"}],"wp:term":[{"taxonomy":"category","embeddable":true,"href":"https:\/\/migracao.redenoticia.com.br\/noticia\/wp-json\/wp\/v2\/categories?post=231419"},{"taxonomy":"post_tag","embeddable":true,"href":"https:\/\/migracao.redenoticia.com.br\/noticia\/wp-json\/wp\/v2\/tags?post=231419"}],"curies":[{"name":"wp","href":"https:\/\/api.w.org\/{rel}","templated":true}]}}