{"id":231818,"date":"2023-04-25T18:12:51","date_gmt":"2023-04-25T21:12:51","guid":{"rendered":"https:\/\/www.redenoticia.com.br\/noticia\/?p=231818"},"modified":"2023-04-25T18:12:51","modified_gmt":"2023-04-25T21:12:51","slug":"resumo-vai-na-fe-26-04-ben-avisa-a-lumiar-que-fara-o-exame-de-dna-com-jenifer","status":"publish","type":"post","link":"https:\/\/migracao.redenoticia.com.br\/noticia\/2023\/resumo-vai-na-fe-26-04-ben-avisa-a-lumiar-que-fara-o-exame-de-dna-com-jenifer\/231818","title":{"rendered":"Resumo \u201cVai na F\u00e9\u201d 26\/04: Ben avisa a Lumiar que far\u00e1 o exame de DNA com Jenifer"},"content":{"rendered":"<p> <img loading=\"lazy\" decoding=\"async\" class=\"aligncenter size-full wp-image-228023\" src=\"https:\/\/migracao.redenoticia.com.br\/noticia\/imagens\/vai-na-fe-elenco-resumo-personagens.jpg\" alt=\"\" width=\"1280\" height=\"720\" srcset=\"https:\/\/migracao.redenoticia.com.br\/noticia\/imagens\/vai-na-fe-elenco-resumo-personagens.jpg 1280w, https:\/\/migracao.redenoticia.com.br\/noticia\/imagens\/vai-na-fe-elenco-resumo-personagens-250x140.jpg 250w, https:\/\/migracao.redenoticia.com.br\/noticia\/imagens\/vai-na-fe-elenco-resumo-personagens-400x225.jpg 400w, https:\/\/migracao.redenoticia.com.br\/noticia\/imagens\/vai-na-fe-elenco-resumo-personagens-768x432.jpg 768w, https:\/\/migracao.redenoticia.com.br\/noticia\/imagens\/vai-na-fe-elenco-resumo-personagens-150x84.jpg 150w\" sizes=\"auto, (max-width: 1280px) 100vw, 1280px\" \/><\/p>\n<p><strong><em>Resumo da novela \u201cVai na F\u00e9\u201d<\/em><\/strong> em 26\/04: no cap\u00edtulo 088(*) da novela, Kate pergunta sobre o pai de Rafa. Theo faz uma oferta para o apartamento de Lumiar. Wilma n\u00e3o deixa Lui e F\u00e1bio conversarem. Hugo se oferece para dar aulas de desenho na igreja. Ben avisa a Lumiar que far\u00e1 o exame de DNA com Jenifer. <\/p>\n<p>Tat\u00e1 v\u00ea o v\u00eddeo com os candidatos que perderam a vaga para bolsa de estudos no ICAES. Bruna conversa com Ant\u00f4nio, o funcion\u00e1rio do laborat\u00f3rio que ser\u00e1 indicado por Ben. Tat\u00e1 se entrega para o reitor da faculdade. Lumiar informa a Theo sobre o exame de DNA. Helena incentiva Clara a ser mais independente. Sol ouve Ben falar com Jenifer sobre fazer o exame de DNA e se desespera.<\/p>\n<p>(*) edi\u00e7\u00e3o das novelas da Globo, \u201cVai na F\u00e9\u201d, sujeito a altera\u00e7\u00e3o de data e conte\u00fado.<\/p>\n<p>Sinopse \u201cVai na F\u00e9\u201d: Sol abandonou o sonho de ser cantora para se tornar evang\u00e9lica e casar com Carl\u00e3o, por\u00e9m, 20 anos depois, a vida lhe d\u00e1 uma nova chance quando ela recebe o convite para ser backing vocal do cantor decadente Lui Lorenzo ao ser descoberta cantando para vender marmitas no centro do Rio de Janeiro.<\/p>\n<p>Com duas filhas para criar e o marido desempregado, ela aceita, por\u00e9m a decis\u00e3o vira sua vida do avesso: ela ganha cada vez mais fama e passa a ser hostilizada na igreja, al\u00e9m de enfrentar a paix\u00e3o de Lui e o reencontro com Ben, seu grande amor de juventude que nunca a esqueceu. Filha de Sol, Jeniffer ganha uma bolsa de estudos numa conceituada faculdade, onde tem de enfrentar as persegui\u00e7\u00f5es da preconceituosa influenciadora digital Guiga e a paix\u00e3o de Yuri, apesar dela namorar Tato.<\/p>\n","protected":false},"excerpt":{"rendered":"<p>Resumo da novela \u201cVai na F\u00e9\u201d em 26\/04: no cap\u00edtulo 088(*) da novela, Kate pergunta sobre o pai de Rafa. Theo faz uma oferta para o apartamento de Lumiar. Wilma n\u00e3o deixa Lui e F\u00e1bio conversarem. Hugo se oferece para dar aulas de desenho na igreja. Ben avisa a Lumiar que far\u00e1 o exame de [&hellip;]<\/p>\n","protected":false},"author":4,"featured_media":228022,"comment_status":"closed","ping_status":"closed","sticky":false,"template":"","format":"standard","meta":{"tdm_status":"","tdm_grid_status":"","footnotes":""},"categories":[379,375,2025,343,2294],"tags":[441],"class_list":{"0":"post-231818","1":"post","2":"type-post","3":"status-publish","4":"format-standard","5":"has-post-thumbnail","7":"category-novelas","8":"category-rede-globo","9":"category-resumo","10":"category-televisao","11":"category-vai-na-fe","12":"tag-resumo-do-dia"},"_links":{"self":[{"href":"https:\/\/migracao.redenoticia.com.br\/noticia\/wp-json\/wp\/v2\/posts\/231818","targetHints":{"allow":["GET"]}}],"collection":[{"href":"https:\/\/migracao.redenoticia.com.br\/noticia\/wp-json\/wp\/v2\/posts"}],"about":[{"href":"https:\/\/migracao.redenoticia.com.br\/noticia\/wp-json\/wp\/v2\/types\/post"}],"author":[{"embeddable":true,"href":"https:\/\/migracao.redenoticia.com.br\/noticia\/wp-json\/wp\/v2\/users\/4"}],"replies":[{"embeddable":true,"href":"https:\/\/migracao.redenoticia.com.br\/noticia\/wp-json\/wp\/v2\/comments?post=231818"}],"version-history":[{"count":0,"href":"https:\/\/migracao.redenoticia.com.br\/noticia\/wp-json\/wp\/v2\/posts\/231818\/revisions"}],"wp:featuredmedia":[{"embeddable":true,"href":"https:\/\/migracao.redenoticia.com.br\/noticia\/wp-json\/wp\/v2\/media\/228022"}],"wp:attachment":[{"href":"https:\/\/migracao.redenoticia.com.br\/noticia\/wp-json\/wp\/v2\/media?parent=231818"}],"wp:term":[{"taxonomy":"category","embeddable":true,"href":"https:\/\/migracao.redenoticia.com.br\/noticia\/wp-json\/wp\/v2\/categories?post=231818"},{"taxonomy":"post_tag","embeddable":true,"href":"https:\/\/migracao.redenoticia.com.br\/noticia\/wp-json\/wp\/v2\/tags?post=231818"}],"curies":[{"name":"wp","href":"https:\/\/api.w.org\/{rel}","templated":true}]}}