{"id":231835,"date":"2023-04-25T20:14:52","date_gmt":"2023-04-25T23:14:52","guid":{"rendered":"https:\/\/www.redenoticia.com.br\/noticia\/2023\/dia-de-sorte-resultado-do-concurso-749-sorteado-terca-feira-25-04-2023\/231835"},"modified":"2023-04-26T07:24:23","modified_gmt":"2023-04-26T10:24:23","slug":"dia-de-sorte-resultado-do-concurso-749-sorteado-terca-feira-25-04-2023","status":"publish","type":"post","link":"https:\/\/migracao.redenoticia.com.br\/noticia\/2023\/dia-de-sorte-resultado-do-concurso-749-sorteado-terca-feira-25-04-2023\/231835","title":{"rendered":"Dia de Sorte: Resultado do concurso 749 sorteado  Ter\u00e7a-feira 25\/04\/2023"},"content":{"rendered":"<p>Resultado do Dia de Sorte, concurso 749, realizado na  Ter\u00e7a-feira, dia 25\/04\/2023 no Espa\u00e7o da Sorte, na cidade de S\u00e3o Paulo.  O Dia de Sorte 749 n\u00e3o teve acertador do pr\u00eamio principal e a previs\u00e3o do pr\u00eamio para o pr\u00f3ximo sorteio, Dia de Sorte 750, \u00e9 de R$ 700.000,00. Com este resultado a Dia de Sorte  esta acumulado ha  3 sorteios<\/p>\n<p>Veja tamb\u00e9m: <\/p>\n<h2>N\u00fameros Sorteados Dia de Sorte 749<\/h2>\n<table style=\"margin-bottom: 10px;\">\n<tr>\n<td><span class=\"numberCircleDiaDeSorte\">08<\/span><\/td>\n<td><span class=\"numberCircleDiaDeSorte\">10<\/span><\/td>\n<td><span class=\"numberCircleDiaDeSorte\">11<\/span><\/td>\n<td><span class=\"numberCircleDiaDeSorte\">26<\/span><\/td>\n<td><span class=\"numberCircleDiaDeSorte\">27<\/span><\/td>\n<td><span class=\"numberCircleDiaDeSorte\">29<\/span><\/td>\n<td><span class=\"numberCircleDiaDeSorte\">31<\/span><\/td>\n<\/tr>\n<\/table>\n<div style =\"font-size: 1.3em;margin-bottom:20px;\">M\u00eas da Sorte: Abril<\/div>\n<h3>Dezenas na ordem de sorteio<\/h3>\n<table style=\"margin-bottom: 10px;\">\n<tr>\n<td><span class=\"numberCircleDiaDeSorte\">26<\/span><\/td>\n<td><span class=\"numberCircleDiaDeSorte\">29<\/span><\/td>\n<td><span class=\"numberCircleDiaDeSorte\">08<\/span><\/td>\n<td><span class=\"numberCircleDiaDeSorte\">27<\/span><\/td>\n<td><span class=\"numberCircleDiaDeSorte\">10<\/span><\/td>\n<td><span class=\"numberCircleDiaDeSorte\">11<\/span><\/td>\n<td><span class=\"numberCircleDiaDeSorte\">31<\/span><\/td>\n<\/tr>\n<\/table>\n<h2>Premia\u00e7\u00e3o Dia de Sorte 749<\/h2>\n<table>\n<tr>\n<th>Acertos<\/th>\n<th>Ganhad.<\/th>\n<th>Pr\u00eamio<\/th>\n<\/tr>\n<tr>\n<td>  7  <\/td>\n<td>0<\/td>\n<td>0,00<\/td>\n<\/tr>\n<tr>\n<td>  6 <\/td>\n<td>39<\/td>\n<td>2.027,34<\/td>\n<\/tr>\n<tr>\n<td>  5 <\/td>\n<td>1.590<\/td>\n<td>20,00<\/td>\n<\/tr>\n<tr>\n<td>  4 <\/td>\n<td>20.166<\/td>\n<td>4,00<\/td>\n<\/tr>\n<tr>\n<td>  M\u00eas da Sorte <\/td>\n<td>72.262<\/td>\n<td>2,00<\/td>\n<\/tr>\n<\/table>\n<h2>Total de Apostas realizadas<\/h2>\n<p>No concurso 749 do Dia de Sorte foi realizado um total de 730.673 apostas.<\/p>\n<h2>Pr\u00f3ximo Sorteio da Dia de Sorte <\/h2>\n<p>O pr\u00f3ximo sorteio ser\u00e1 realizado Quinta-feira 27\/04\/2023, no Espa\u00e7o da Sorte, na cidade de S\u00e3o Paulo. O pr\u00eamio previsto \u00e9 de R$ 700.000,00.<\/p>\n<h3>Nota<\/h3>\n<p> A divulga\u00e7\u00e3o do resultado pela RedeNoticia.com.br foi cercada de todos os cuidados para informa-lo corretamente e com precis\u00e3o,<br \/>\n        entretanto o resultado oficial \u00e9 o divulgado no site da Caixa Econ\u00f4mica Federal e pelas casas lot\u00e9ricas.<\/p>\n<h2>Resumo do sorteio do Dia de Sorte 749<\/h2>\n<ul>\n<li>Dos n\u00fameros sorteados neste concurso da Dia de Sorte o que mais saiu nos \u00faltimos 12 meses foi o 31, sorteado 51 vezes.<\/li>\n<li>O que menos saiu foi o n\u00famero 26, sorteado apenas 33 vezes.<\/li>\n<li>Das 31 dezenas, a que est\u00e1 h\u00e1 mais tempo sem ser sorteada \u00e9 a 9 que n\u00e3o sai tem 24  dias.<\/li>\n<li>O maior valor pago neste per\u00edodo foi R$ 2.663.422,32 no concurso 700, sorteado em 29\/12\/2022.<\/li>\n<li>Nos \u00faltimos 12 meses foram realizados 153 sorteios e premiadas 54 pessoas que acertaram os 7 n\u00fameros da Dia de Sorte.<\/li>\n<li>Neste per\u00edodo o Dia de Sorte n\u00e3o teve acertadores em 110 oportunidades.<\/li>\n<\/ul>\n<\/ul>\n<h3>Hist\u00f3rico dos n\u00fameros sorteados neste concurso da Dia de Sorte<\/h3>\n<p>Nesta tabela voc\u00ea ir\u00e1 encontrar as seguintes informa\u00e7\u00f5es relativas aos sorteios da Dia de Sorte dos \u00faltimos 12 meses:<br \/>A quantidade de vezes que o n\u00famero foi sorteado na Dia de Sorte,<br \/>A quantidade de sorteios que este n\u00famero saiu e o concurso teve ganhador,<br \/>A data do \u00faltimo sorteio na Dia de Sorte desta dezena.<\/p>\n<table>\n<tr>\n<th>Dezena<\/th>\n<th>Total<\/th>\n<th>Premiada<\/th>\n<th>Data<\/th>\n<\/tr>\n<tr>\n<td>08<\/td>\n<td>39<\/td>\n<td>8<\/td>\n<td>20\/04\/2023<\/td>\n<\/tr>\n<tr>\n<td>10<\/td>\n<td>34<\/td>\n<td>9<\/td>\n<td>20\/04\/2023<\/td>\n<\/tr>\n<tr>\n<td>11<\/td>\n<td>42<\/td>\n<td>11<\/td>\n<td>22\/04\/2023<\/td>\n<\/tr>\n<tr>\n<td>26<\/td>\n<td>33<\/td>\n<td>9<\/td>\n<td>06\/04\/2023<\/td>\n<\/tr>\n<tr>\n<td>27<\/td>\n<td>34<\/td>\n<td>10<\/td>\n<td>30\/03\/2023<\/td>\n<\/tr>\n<tr>\n<td>29<\/td>\n<td>37<\/td>\n<td>13<\/td>\n<td>08\/04\/2023<\/td>\n<\/tr>\n<tr>\n<td>31<\/td>\n<td>51<\/td>\n<td>9<\/td>\n<td>15\/04\/2023<\/td>\n<\/tr>\n<\/table>\n","protected":false},"excerpt":{"rendered":"<p>Dia de Sorte 749 &#8211; Resultado, rateio e ganhadores do Dia de Sorte 749 sorteado em 25\/04\/2023.<\/p>\n","protected":false},"author":5,"featured_media":196327,"comment_status":"closed","ping_status":"","sticky":false,"template":"","format":"standard","meta":{"tdm_status":"","tdm_grid_status":"","footnotes":""},"categories":[478,335],"tags":[],"class_list":{"0":"post-231835","1":"post","2":"type-post","3":"status-publish","4":"format-standard","5":"has-post-thumbnail","7":"category-dia-de-sorte","8":"category-loteria"},"_links":{"self":[{"href":"https:\/\/migracao.redenoticia.com.br\/noticia\/wp-json\/wp\/v2\/posts\/231835","targetHints":{"allow":["GET"]}}],"collection":[{"href":"https:\/\/migracao.redenoticia.com.br\/noticia\/wp-json\/wp\/v2\/posts"}],"about":[{"href":"https:\/\/migracao.redenoticia.com.br\/noticia\/wp-json\/wp\/v2\/types\/post"}],"author":[{"embeddable":true,"href":"https:\/\/migracao.redenoticia.com.br\/noticia\/wp-json\/wp\/v2\/users\/5"}],"replies":[{"embeddable":true,"href":"https:\/\/migracao.redenoticia.com.br\/noticia\/wp-json\/wp\/v2\/comments?post=231835"}],"version-history":[{"count":0,"href":"https:\/\/migracao.redenoticia.com.br\/noticia\/wp-json\/wp\/v2\/posts\/231835\/revisions"}],"wp:featuredmedia":[{"embeddable":true,"href":"https:\/\/migracao.redenoticia.com.br\/noticia\/wp-json\/wp\/v2\/media\/196327"}],"wp:attachment":[{"href":"https:\/\/migracao.redenoticia.com.br\/noticia\/wp-json\/wp\/v2\/media?parent=231835"}],"wp:term":[{"taxonomy":"category","embeddable":true,"href":"https:\/\/migracao.redenoticia.com.br\/noticia\/wp-json\/wp\/v2\/categories?post=231835"},{"taxonomy":"post_tag","embeddable":true,"href":"https:\/\/migracao.redenoticia.com.br\/noticia\/wp-json\/wp\/v2\/tags?post=231835"}],"curies":[{"name":"wp","href":"https:\/\/api.w.org\/{rel}","templated":true}]}}