{"id":2321,"date":"2009-06-03T21:32:34","date_gmt":"2009-06-04T01:32:34","guid":{"rendered":"http:\/\/www.redenoticia.com.br\/noticia\/?p=2321"},"modified":"2009-06-03T21:32:34","modified_gmt":"2009-06-04T01:32:34","slug":"grande-parte-dos-municipios-ainda-usa-lixoes-para-destinacao-dos-residuos-solidos","status":"publish","type":"post","link":"https:\/\/migracao.redenoticia.com.br\/noticia\/2009\/grande-parte-dos-municipios-ainda-usa-lixoes-para-destinacao-dos-residuos-solidos\/2321","title":{"rendered":"Grande parte dos munic\u00edpios ainda usa lix\u00f5es para destina\u00e7\u00e3o dos res\u00edduos s\u00f3lidos"},"content":{"rendered":"<p style=\"margin: 0cm 0cm 0.0001pt;\"><span class=\"assinatura11\"><span style=\"font-size: 10pt; font-family: Arial;\"><\/span><\/span><span style=\"font-size: 10pt; font-family: Arial; color: windowtext;\">A maioria dos munic\u00edpios ainda usa os lix\u00f5es como destina\u00e7\u00e3o de seus res\u00edduos e, mesmo no caso do lixo industrial, uma parte \u00e9 tratado por empresas de pequeno e m\u00e9dio portes que n\u00e3o d\u00e3o uma destina\u00e7\u00e3o adequada. <\/span><\/p>\n<p class=\"western\" style=\"margin: 0cm 0cm 0.0001pt; line-height: normal;\"><span style=\"font-size: 10pt; font-family: Arial; color: windowtext;\">De acordo com o presidente da Associa\u00e7\u00e3o Brasileira das Empresas de Tratamento de Res\u00edduos (Abetre), Di\u00f3genes Del Bel, boa parte dos munic\u00edpios manda os res\u00edduos para os lix\u00f5es sem qualquer prote\u00e7\u00e3o sanit\u00e1ria. \u201cO poder p\u00fablico, nos munic\u00edpios, ainda n\u00e3o conseguiu sequer erradicar os lix\u00f5es. Ent\u00e3o, n\u00f3s temos munic\u00edpios com custo zero na destina\u00e7\u00e3o dos seus res\u00edduos\u201d, disse.<\/span><\/p>\n<p class=\"western\" style=\"margin: 0cm 0cm 0.0001pt; line-height: normal;\"><span style=\"font-size: 10pt; font-family: Arial; color: windowtext;\">Apesar do quadro de defici\u00eancias, Del Bel disse, em entrevista \u00e0 <strong>Ag\u00eancia Brasil<\/strong>, que as perspectivas de crescimento do setor s\u00e3o boas, porque o pa\u00eds precisa atingir os n\u00edveis mais elevados de qualidade ambiental e prote\u00e7\u00e3o para res\u00edduos s\u00f3lidos. \u201cEnt\u00e3o, n\u00f3s temos um campo de crescimento em termos de volume, para trazer essa massa de res\u00edduos para tratamentos adequados\u201d, afirmou.<\/span><\/p>\n<p class=\"western\" style=\"margin: 0cm 0cm 0.0001pt; line-height: normal;\"><span style=\"font-size: 10pt; font-family: Arial; color: windowtext;\">O presidente da Abetre falou, tamb\u00e9m, que uma prov\u00e1vel linha de expans\u00e3o do setor seria a introdu\u00e7\u00e3o de novas tecnologias. \u201c\u00c0 medida em que n\u00f3s tenhamos mais clareza das pol\u00edticas p\u00fablicas, para ter tecnologias mais sofisticadas de tratamento\u201d, disse. <\/span><\/p>\n<p class=\"western\" style=\"margin: 0cm 0cm 0.0001pt; line-height: normal;\"><span style=\"font-size: 10pt; font-family: Arial; color: windowtext;\">Del Bel citou, entre elas, a incinera\u00e7\u00e3o com recupera\u00e7\u00e3o de energia, a manufatura reversa de diversos bens de consumo no fim de vida, a descontamina\u00e7\u00e3o de res\u00edduos ap\u00f3s o consumo para reaproveitamento. \u201cIsso ainda depende da velocidade da implanta\u00e7\u00e3o das pol\u00edticas p\u00fablicas para essa \u00e1rea\u201d, afirmou.<\/span><\/p>\n<p class=\"western\" style=\"margin: 0cm 0cm 0.0001pt; line-height: normal;\"><span style=\"font-size: 10pt; font-family: Arial; color: windowtext;\"> <\/span><\/p>\n<p class=\"MsoNormal\"><span class=\"assinatura11\"><span style=\"font-size: 10pt; font-family: Arial;\">Alana Gandra <\/span><\/span><span style=\"font-size: 10pt; font-family: Arial;\"><br \/>\n<span class=\"assinatura11\"><em><span style=\"font-family: Arial;\">Rep\u00f3rter da Ag\u00eancia Brasil<\/span><\/em><\/span><span class=\"assinatura11\"><span style=\"font-family: Arial;\"> <\/span><\/span><\/span><\/p>\n<p class=\"MsoNormal\"><span style=\"font-size: 10pt; font-family: Arial;\"> <\/span><\/p>\n","protected":false},"excerpt":{"rendered":"<p>A maioria dos munic\u00edpios ainda usa os lix\u00f5es como destina\u00e7\u00e3o de seus res\u00edduos e, mesmo no caso do lixo industrial, uma parte \u00e9 tratado por empresas de pequeno e m\u00e9dio portes que n\u00e3o d\u00e3o uma destina\u00e7\u00e3o adequada. De acordo com o presidente da Associa\u00e7\u00e3o Brasileira das Empresas de Tratamento de Res\u00edduos (Abetre), Di\u00f3genes Del Bel, [&hellip;]<\/p>\n","protected":false},"author":3,"featured_media":0,"comment_status":"open","ping_status":"open","sticky":false,"template":"","format":"standard","meta":{"tdm_status":"","tdm_grid_status":"","footnotes":""},"categories":[22,7],"tags":[],"class_list":{"0":"post-2321","1":"post","2":"type-post","3":"status-publish","4":"format-standard","6":"category-brasil","7":"category-economia"},"_links":{"self":[{"href":"https:\/\/migracao.redenoticia.com.br\/noticia\/wp-json\/wp\/v2\/posts\/2321","targetHints":{"allow":["GET"]}}],"collection":[{"href":"https:\/\/migracao.redenoticia.com.br\/noticia\/wp-json\/wp\/v2\/posts"}],"about":[{"href":"https:\/\/migracao.redenoticia.com.br\/noticia\/wp-json\/wp\/v2\/types\/post"}],"author":[{"embeddable":true,"href":"https:\/\/migracao.redenoticia.com.br\/noticia\/wp-json\/wp\/v2\/users\/3"}],"replies":[{"embeddable":true,"href":"https:\/\/migracao.redenoticia.com.br\/noticia\/wp-json\/wp\/v2\/comments?post=2321"}],"version-history":[{"count":0,"href":"https:\/\/migracao.redenoticia.com.br\/noticia\/wp-json\/wp\/v2\/posts\/2321\/revisions"}],"wp:attachment":[{"href":"https:\/\/migracao.redenoticia.com.br\/noticia\/wp-json\/wp\/v2\/media?parent=2321"}],"wp:term":[{"taxonomy":"category","embeddable":true,"href":"https:\/\/migracao.redenoticia.com.br\/noticia\/wp-json\/wp\/v2\/categories?post=2321"},{"taxonomy":"post_tag","embeddable":true,"href":"https:\/\/migracao.redenoticia.com.br\/noticia\/wp-json\/wp\/v2\/tags?post=2321"}],"curies":[{"name":"wp","href":"https:\/\/api.w.org\/{rel}","templated":true}]}}