{"id":232236,"date":"2023-05-05T17:54:47","date_gmt":"2023-05-05T20:54:47","guid":{"rendered":"https:\/\/www.redenoticia.com.br\/noticia\/?p=232236"},"modified":"2023-05-05T17:54:47","modified_gmt":"2023-05-05T20:54:47","slug":"resumo-terra-e-paixao-08-05-antonio-nao-gosta-de-saber-que-aline-esta-viva","status":"publish","type":"post","link":"https:\/\/migracao.redenoticia.com.br\/noticia\/2023\/resumo-terra-e-paixao-08-05-antonio-nao-gosta-de-saber-que-aline-esta-viva\/232236","title":{"rendered":"Resumo &#8220;Terra e Paix\u00e3o&#8221; 08\/05: Ant\u00f4nio n\u00e3o gosta de saber que Aline est\u00e1 viva"},"content":{"rendered":"<p> <img loading=\"lazy\" decoding=\"async\" src=\"https:\/\/migracao.redenoticia.com.br\/noticia\/imagens\/novela-terra-e-paixao-resumo.jpg\" alt=\"\" width=\"1280\" height=\"720\" class=\"aligncenter size-full wp-image-231930\" srcset=\"https:\/\/migracao.redenoticia.com.br\/noticia\/imagens\/novela-terra-e-paixao-resumo.jpg 1280w, https:\/\/migracao.redenoticia.com.br\/noticia\/imagens\/novela-terra-e-paixao-resumo-250x140.jpg 250w, https:\/\/migracao.redenoticia.com.br\/noticia\/imagens\/novela-terra-e-paixao-resumo-400x225.jpg 400w, https:\/\/migracao.redenoticia.com.br\/noticia\/imagens\/novela-terra-e-paixao-resumo-768x432.jpg 768w, https:\/\/migracao.redenoticia.com.br\/noticia\/imagens\/novela-terra-e-paixao-resumo-150x84.jpg 150w\" sizes=\"auto, (max-width: 1280px) 100vw, 1280px\" \/> <\/p>\n<p><strong><em>Resumo da novela &#8220;Terra e Paix\u00e3o&#8221;<\/em><\/strong> em 08\/05: no cap\u00edtulo 001(*) da novela, Samuel manda Aline fugir com o filho ao perceber uma amea\u00e7a em casa. Jurec\u00ea tem vis\u00f5es durante ritual na aldeia ind\u00edgena. Ramiro e os capangas ateiam fogo \u00e0 casa de Samuel e Aline. Caio ajuda Aline e Jo\u00e3o, levando m\u00e3e e filho para se esconderem na casa de C\u00e2ndida. C\u00e2ndida diz que foi Ant\u00f4nio La Selva quem mandou matar Samuel. Daniel fica noivo de Gra\u00e7a. Irene tenta convencer Ant\u00f4nio de que Daniel deve ser o filho sucessor do marido. <\/p>\n<p>Ant\u00f4nio n\u00e3o gosta de saber que Aline est\u00e1 viva. Caio nega para Ant\u00f4nio que tenha ajudado Aline. Ant\u00f4nio orienta Daniel a negociar a compra das terras de Aline. Caio afirma para Angelina que Ant\u00f4nio o culpa pela morte de sua m\u00e3e, Agatha. Marino aconselha Aline a n\u00e3o enfrentar Ant\u00f4nio. Aline decide morar no paiol com Jussara e Jo\u00e3o. Aline deixa claro para Daniel que n\u00e3o vender\u00e1 as terras para Ant\u00f4nio. Ademir diz a Ant\u00f4nio que sabe o porqu\u00ea do irm\u00e3o querer as terras de Aline. Aline demonstra seu prop\u00f3sito em cuidar das terras que herdou de Samuel.<\/p>\n<p>(*) edi\u00e7\u00e3o das novelas da Globo, &#8220;Terra e Paix\u00e3o&#8221;, sujeito a altera\u00e7\u00e3o de data e conte\u00fado.<\/p>\n<p>Sinopse &#8220;Terra e Paix\u00e3o&#8221;: Aline vive ao lado do marido Samuel e do filho Jo\u00e3o. Ap\u00f3s um atentado em sua casa, v\u00ea-se sozinha com o menino diante das terras deixadas pelo marido. Aline aprende a plantar com a ajuda de Jonatas, um amigo fiel. Al\u00e9m de contar com ele, tem ao seu lado sua m\u00e3e. Aline se aproxima dos irm\u00e3os Caio e Daniel, filhos do poderoso fazendeiro Ant\u00f4nio, com quem precisa brigar para manter suas terras. Ao lado dos dois rapazes, descobre sentimentos novos. Ant\u00f4nio La Selva \u00e9 casado com Irene com quem tem dois filhos, Daniel e Petra. Ele foi muito apaixonado por Agatha, com quem teve Caio, e culpa o rapaz pela morte da m\u00e3e no pr\u00e9-parto.<\/p>\n","protected":false},"excerpt":{"rendered":"<p>Resumo da novela &#8220;Terra e Paix\u00e3o&#8221; em 08\/05: no cap\u00edtulo 001(*) da novela, Samuel manda Aline fugir com o filho ao perceber uma amea\u00e7a em casa. Jurec\u00ea tem vis\u00f5es durante ritual na aldeia ind\u00edgena. Ramiro e os capangas ateiam fogo \u00e0 casa de Samuel e Aline. Caio ajuda Aline e Jo\u00e3o, levando m\u00e3e e filho [&hellip;]<\/p>\n","protected":false},"author":4,"featured_media":231928,"comment_status":"closed","ping_status":"closed","sticky":false,"template":"","format":"standard","meta":{"tdm_status":"","tdm_grid_status":"","footnotes":""},"categories":[379,375,2025,343,2305],"tags":[441],"class_list":{"0":"post-232236","1":"post","2":"type-post","3":"status-publish","4":"format-standard","5":"has-post-thumbnail","7":"category-novelas","8":"category-rede-globo","9":"category-resumo","10":"category-televisao","11":"category-terra-e-paixao","12":"tag-resumo-do-dia"},"_links":{"self":[{"href":"https:\/\/migracao.redenoticia.com.br\/noticia\/wp-json\/wp\/v2\/posts\/232236","targetHints":{"allow":["GET"]}}],"collection":[{"href":"https:\/\/migracao.redenoticia.com.br\/noticia\/wp-json\/wp\/v2\/posts"}],"about":[{"href":"https:\/\/migracao.redenoticia.com.br\/noticia\/wp-json\/wp\/v2\/types\/post"}],"author":[{"embeddable":true,"href":"https:\/\/migracao.redenoticia.com.br\/noticia\/wp-json\/wp\/v2\/users\/4"}],"replies":[{"embeddable":true,"href":"https:\/\/migracao.redenoticia.com.br\/noticia\/wp-json\/wp\/v2\/comments?post=232236"}],"version-history":[{"count":0,"href":"https:\/\/migracao.redenoticia.com.br\/noticia\/wp-json\/wp\/v2\/posts\/232236\/revisions"}],"wp:featuredmedia":[{"embeddable":true,"href":"https:\/\/migracao.redenoticia.com.br\/noticia\/wp-json\/wp\/v2\/media\/231928"}],"wp:attachment":[{"href":"https:\/\/migracao.redenoticia.com.br\/noticia\/wp-json\/wp\/v2\/media?parent=232236"}],"wp:term":[{"taxonomy":"category","embeddable":true,"href":"https:\/\/migracao.redenoticia.com.br\/noticia\/wp-json\/wp\/v2\/categories?post=232236"},{"taxonomy":"post_tag","embeddable":true,"href":"https:\/\/migracao.redenoticia.com.br\/noticia\/wp-json\/wp\/v2\/tags?post=232236"}],"curies":[{"name":"wp","href":"https:\/\/api.w.org\/{rel}","templated":true}]}}