{"id":232276,"date":"2023-05-06T20:34:40","date_gmt":"2023-05-06T23:34:40","guid":{"rendered":"https:\/\/www.redenoticia.com.br\/noticia\/?p=232276"},"modified":"2023-05-08T11:00:47","modified_gmt":"2023-05-08T14:00:47","slug":"resumo-a-infancia-de-romeu-e-julieta-08-05-julieta-se-aproxima-de-romeu","status":"publish","type":"post","link":"https:\/\/migracao.redenoticia.com.br\/noticia\/2023\/resumo-a-infancia-de-romeu-e-julieta-08-05-julieta-se-aproxima-de-romeu\/232276","title":{"rendered":"Resumo \u201cA Inf\u00e2ncia de Romeu e Julieta\u201d 08\/05: Romeu olha para Julieta"},"content":{"rendered":"<p> <img loading=\"lazy\" decoding=\"async\" src=\"https:\/\/migracao.redenoticia.com.br\/noticia\/imagens\/novela-romeu-e-julieta-sbt-elenco-resumo.jpg\" alt=\"\" width=\"1280\" height=\"720\" class=\"aligncenter size-full wp-image-232242\" srcset=\"https:\/\/migracao.redenoticia.com.br\/noticia\/imagens\/novela-romeu-e-julieta-sbt-elenco-resumo.jpg 1280w, https:\/\/migracao.redenoticia.com.br\/noticia\/imagens\/novela-romeu-e-julieta-sbt-elenco-resumo-250x140.jpg 250w, https:\/\/migracao.redenoticia.com.br\/noticia\/imagens\/novela-romeu-e-julieta-sbt-elenco-resumo-400x225.jpg 400w, https:\/\/migracao.redenoticia.com.br\/noticia\/imagens\/novela-romeu-e-julieta-sbt-elenco-resumo-768x432.jpg 768w, https:\/\/migracao.redenoticia.com.br\/noticia\/imagens\/novela-romeu-e-julieta-sbt-elenco-resumo-150x84.jpg 150w\" sizes=\"auto, (max-width: 1280px) 100vw, 1280px\" \/><\/p>\n<p><strong><em>Resumo da novela \u201cA Inf\u00e2ncia de Romeu e Julieta\u201d<\/em><\/strong> em 08\/05: no cap\u00edtulo 001(*) da novela, Clara Campos explica brevemente para a neta, Julieta, a hist\u00f3ria do bairro Castanheiras e a divis\u00e3o entre Lado Vila e Lado Torre. O av\u00f4 de Romeu, Leandro Monteiro, culpa os Campos pela falta de avan\u00e7o e comenta com Romeu que o neto vai herdar os neg\u00f3cios da fam\u00edlia. No CEC (Centro Esportivo Castanheiras), T\u00e9o discute com Alex, seu maior rival. O bairro fica sabendo da festa a fantasia do CEC, em comemora\u00e7\u00e3o aos dez anos da institui\u00e7\u00e3o e \u00e0s bodas de ouro de Clara e H\u00e9lio. <\/p>\n<p>Mesmo n\u00e3o podendo frequentar o CEC, a pedido da fam\u00edlia Monteiro, Romeu pensa em ir ao evento. Glaucia agrada Leandro ao m\u00e1ximo por achar que o pai prefere Bernardo. Ellen chama Nath para brincar na rua. As meninas observam Ian falando sozinho. Ellen avista um adesivo da gangue Pedalzera, s\u00edmbolo que indica que as crian\u00e7as n\u00e3o podem brincar no local sinalizado. Romeu mente para Vera e afirma que vai estar na casa do Alex. <\/p>\n<p>Chega o dia da festa a fantasia no Centro Esportivo Castanheiras. Patrick se encanta com a fantasia e beleza de Julieta. Mariana fica com ci\u00fames de Daniel e Telma juntos. Alex leva Ian para a celebra\u00e7\u00e3o, mas n\u00e3o quer ficar ao lado do irm\u00e3o. Com imagina\u00e7\u00e3o f\u00e9rtil, Ian se depara com um menino com fantasia de drag\u00e3o e projeta, em sua cabe\u00e7a, uma ilus\u00e3o do monstro de verdade. <\/p>\n<p>Romeu e os primos Nando e Dimitri tentam entrar de penetras pelos fundos da festa, mas Dimitri n\u00e3o consegue pular o port\u00e3o. Romeu manda ele voltar para casa. Romeu e Nando entram na quadra do evento e esbarram com H\u00e9lio. Romeu olha para Julieta pela primeira vez e sente uma forte emo\u00e7\u00e3o. A gangue Pedalzera percebe Dimitri na rua e o persegue. L\u00edvia e Alex conversam, mas T\u00e9o nota a namoradinha com o oponente e fica com ci\u00fames. Julieta mira em Romeu e fica deslumbrada. <\/p>\n<p>(*) edi\u00e7\u00e3o das novelas do SBT, \u201cA Inf\u00e2ncia de Romeu e Julieta\u201d, sujeito a altera\u00e7\u00e3o de data e conte\u00fado.<\/p>\n<p>Sinopse \u201cA Inf\u00e2ncia de Romeu e Julieta\u201d: A Trama se passa no bairro chamado castanheiras, em que duas fam\u00edlias com propostas diferentes para esse bairro vivem em disc\u00f3rdia, sendo divididas entre os lados Torre (Campos) e Vila (Monteiro).[6] Entretanto, Romeu (Miguel \u00c2ngelo) e Julieta (Vitt\u00f3ria Seixas) se conhecem, da\u00ed em diante, as fam\u00edlias rivais t\u00eam uma nova oportunidade de trazer paz e uni\u00e3o entre o conv\u00edvio deles. <\/p>\n<p>Romeu e Julieta n\u00e3o sabem como v\u00e3o fazer para ficarem juntos. A not\u00edcia do romance chega \u00e0s fam\u00edlias, que n\u00e3o gostam nada da hist\u00f3ria e tratam de afasta-los imediatamente, aprontando v\u00e1rias situa\u00e7\u00f5es. Romeu e Julieta querem acabar com essa hostilidade e tentam ir atr\u00e1s de uma solu\u00e7\u00e3o, mas ao descobrirem mais sobre a hist\u00f3ria de seus pais, percebem que pode ser imposs\u00edvel.<\/p>\n","protected":false},"excerpt":{"rendered":"<p>Resumo da novela \u201cA Inf\u00e2ncia de Romeu e Julieta\u201d em 08\/05: no cap\u00edtulo 001(*) da novela, Clara Campos explica brevemente para a neta, Julieta, a hist\u00f3ria do bairro Castanheiras e a divis\u00e3o entre Lado Vila e Lado Torre. O av\u00f4 de Romeu, Leandro Monteiro, culpa os Campos pela falta de avan\u00e7o e comenta com Romeu [&hellip;]<\/p>\n","protected":false},"author":2,"featured_media":232241,"comment_status":"closed","ping_status":"closed","sticky":false,"template":"","format":"standard","meta":{"tdm_status":"","tdm_grid_status":"","footnotes":""},"categories":[2306,379,2025,372,343],"tags":[441],"class_list":{"0":"post-232276","1":"post","2":"type-post","3":"status-publish","4":"format-standard","5":"has-post-thumbnail","7":"category-novela-romeu-e-julieta","8":"category-novelas","9":"category-resumo","10":"category-sbt","11":"category-televisao","12":"tag-resumo-do-dia"},"_links":{"self":[{"href":"https:\/\/migracao.redenoticia.com.br\/noticia\/wp-json\/wp\/v2\/posts\/232276","targetHints":{"allow":["GET"]}}],"collection":[{"href":"https:\/\/migracao.redenoticia.com.br\/noticia\/wp-json\/wp\/v2\/posts"}],"about":[{"href":"https:\/\/migracao.redenoticia.com.br\/noticia\/wp-json\/wp\/v2\/types\/post"}],"author":[{"embeddable":true,"href":"https:\/\/migracao.redenoticia.com.br\/noticia\/wp-json\/wp\/v2\/users\/2"}],"replies":[{"embeddable":true,"href":"https:\/\/migracao.redenoticia.com.br\/noticia\/wp-json\/wp\/v2\/comments?post=232276"}],"version-history":[{"count":0,"href":"https:\/\/migracao.redenoticia.com.br\/noticia\/wp-json\/wp\/v2\/posts\/232276\/revisions"}],"wp:featuredmedia":[{"embeddable":true,"href":"https:\/\/migracao.redenoticia.com.br\/noticia\/wp-json\/wp\/v2\/media\/232241"}],"wp:attachment":[{"href":"https:\/\/migracao.redenoticia.com.br\/noticia\/wp-json\/wp\/v2\/media?parent=232276"}],"wp:term":[{"taxonomy":"category","embeddable":true,"href":"https:\/\/migracao.redenoticia.com.br\/noticia\/wp-json\/wp\/v2\/categories?post=232276"},{"taxonomy":"post_tag","embeddable":true,"href":"https:\/\/migracao.redenoticia.com.br\/noticia\/wp-json\/wp\/v2\/tags?post=232276"}],"curies":[{"name":"wp","href":"https:\/\/api.w.org\/{rel}","templated":true}]}}