{"id":232365,"date":"2023-05-09T17:36:53","date_gmt":"2023-05-09T20:36:53","guid":{"rendered":"https:\/\/www.redenoticia.com.br\/noticia\/?p=232365"},"modified":"2023-05-09T17:36:53","modified_gmt":"2023-05-09T20:36:53","slug":"resumo-a-infancia-de-romeu-e-julieta-10-05-romeu-descobre-o-endereco-de-juli","status":"publish","type":"post","link":"https:\/\/migracao.redenoticia.com.br\/noticia\/2023\/resumo-a-infancia-de-romeu-e-julieta-10-05-romeu-descobre-o-endereco-de-juli\/232365","title":{"rendered":"Resumo \u201cA Inf\u00e2ncia de Romeu e Julieta\u201d 10\/05: Romeu descobre o endere\u00e7o de Juli"},"content":{"rendered":"<p> <img loading=\"lazy\" decoding=\"async\" src=\"https:\/\/migracao.redenoticia.com.br\/noticia\/imagens\/novela-romeu-e-julieta-sbt-elenco-resumo.jpg\" alt=\"\" width=\"1280\" height=\"720\" class=\"aligncenter size-full wp-image-232242\" srcset=\"https:\/\/migracao.redenoticia.com.br\/noticia\/imagens\/novela-romeu-e-julieta-sbt-elenco-resumo.jpg 1280w, https:\/\/migracao.redenoticia.com.br\/noticia\/imagens\/novela-romeu-e-julieta-sbt-elenco-resumo-250x140.jpg 250w, https:\/\/migracao.redenoticia.com.br\/noticia\/imagens\/novela-romeu-e-julieta-sbt-elenco-resumo-400x225.jpg 400w, https:\/\/migracao.redenoticia.com.br\/noticia\/imagens\/novela-romeu-e-julieta-sbt-elenco-resumo-768x432.jpg 768w, https:\/\/migracao.redenoticia.com.br\/noticia\/imagens\/novela-romeu-e-julieta-sbt-elenco-resumo-150x84.jpg 150w\" sizes=\"auto, (max-width: 1280px) 100vw, 1280px\" \/><\/p>\n<p><strong><em>Resumo da novela \u201cA Inf\u00e2ncia de Romeu e Julieta\u201d<\/em><\/strong> em 10\/05: no cap\u00edtulo 003(*) da novela, Vera fala para Bernardo que n\u00e3o tinha ningu\u00e9m na casa do Alex, e ela fica preocupada ao lembrar de situa\u00e7\u00e3o similar no passado. Vitor anuncia que os vencedores de melhores fantasias s\u00e3o L\u00edvia e Alex. T\u00e9o n\u00e3o suporta o fato. Vera e Bernardo brigam com Romeu por mentir. Amanda e Mari ficam preocupadas com a obra que est\u00e1 sendo constru\u00edda na frente do Armaz\u00e9m Vila das Flores e espiam de perto para saber o que \u00e9 o novo com\u00e9rcio. Vitor nota essa cenae cutuca as mo\u00e7as. <\/p>\n<p>Mari recebe do correio a revista com a foto de Vera na capa e joga no lixo. Fausto pede a Vera emprego para a filha dele, a P\u00f3rcia. Alex diz para Romeu que Rosalina gosta dele e pede para esquecer a menina misteriosa do baile. Romeu vai at\u00e9 o Lado Vila em busca de Juli. Julieta repara na revista com a reportagem da Vera no lixo e questiona a m\u00e3e. Fausto conta para Leandro que Romeu foi \u00e0 festa de H\u00e9lio. Dimitri recebe um recado do Pedalzera para um encontro e vai at\u00e9 o endere\u00e7o.<\/p>\n<p>Julieta procura Romeu no Lado Torre. Romeu descobre o endere\u00e7o de Juli e vai at\u00e9 o local com flores. T\u00e9o desabafa com o padrasto, Enzo, sobre a paquera com L\u00edvia. Ian perde o manual de escoteiro e quando encontra percebe que est\u00e1 danificado. Leon, o le\u00e3o da sua imagina\u00e7\u00e3o, aparece para tranquiliz\u00e1-lo. Andando de skate no Lado Torre, Julieta \u00e9 atropelada por Vera. <\/p>\n<p>Romeu vai at\u00e9 a resid\u00eancia de Juli, se depara com H\u00e9lio e descobre que a menina \u00e9 neta do rival do seu av\u00f4. Vera tenta cuidar de Julieta e n\u00e3o sabe que ela \u00e9 filha de Mariana. Julieta tenta se esquivar de Vera, j\u00e1 que a garota conhece a hist\u00f3ria da advers\u00e1ria da sua m\u00e3e. Pedalzera solta um cachorro para correr atr\u00e1s de Dimitri. H\u00e9lio e Clara insistem para Romeu entrar na casa e tomar caf\u00e9, mas ele fica apreensivo.<\/p>\n<p>(*) edi\u00e7\u00e3o das novelas do SBT, \u201cA Inf\u00e2ncia de Romeu e Julieta\u201d, sujeito a altera\u00e7\u00e3o de data e conte\u00fado.<\/p>\n<p>Sinopse \u201cA Inf\u00e2ncia de Romeu e Julieta\u201d: A Trama se passa no bairro chamado castanheiras, em que duas fam\u00edlias com propostas diferentes para esse bairro vivem em disc\u00f3rdia, sendo divididas entre os lados Torre (Campos) e Vila (Monteiro).[6] Entretanto, Romeu (Miguel \u00c2ngelo) e Julieta (Vitt\u00f3ria Seixas) se conhecem, da\u00ed em diante, as fam\u00edlias rivais t\u00eam uma nova oportunidade de trazer paz e uni\u00e3o entre o conv\u00edvio deles. <\/p>\n<p>Romeu e Julieta n\u00e3o sabem como v\u00e3o fazer para ficarem juntos. A not\u00edcia do romance chega \u00e0s fam\u00edlias, que n\u00e3o gostam nada da hist\u00f3ria e tratam de afasta-los imediatamente, aprontando v\u00e1rias situa\u00e7\u00f5es. Romeu e Julieta querem acabar com essa hostilidade e tentam ir atr\u00e1s de uma solu\u00e7\u00e3o, mas ao descobrirem mais sobre a hist\u00f3ria de seus pais, percebem que pode ser imposs\u00edvel.<\/p>\n","protected":false},"excerpt":{"rendered":"<p>Resumo da novela \u201cA Inf\u00e2ncia de Romeu e Julieta\u201d em 10\/05: no cap\u00edtulo 003(*) da novela, Vera fala para Bernardo que n\u00e3o tinha ningu\u00e9m na casa do Alex, e ela fica preocupada ao lembrar de situa\u00e7\u00e3o similar no passado. Vitor anuncia que os vencedores de melhores fantasias s\u00e3o L\u00edvia e Alex. T\u00e9o n\u00e3o suporta o [&hellip;]<\/p>\n","protected":false},"author":3,"featured_media":232241,"comment_status":"closed","ping_status":"closed","sticky":false,"template":"","format":"standard","meta":{"tdm_status":"","tdm_grid_status":"","footnotes":""},"categories":[2306,379,2025,372,343],"tags":[441],"class_list":{"0":"post-232365","1":"post","2":"type-post","3":"status-publish","4":"format-standard","5":"has-post-thumbnail","7":"category-novela-romeu-e-julieta","8":"category-novelas","9":"category-resumo","10":"category-sbt","11":"category-televisao","12":"tag-resumo-do-dia"},"_links":{"self":[{"href":"https:\/\/migracao.redenoticia.com.br\/noticia\/wp-json\/wp\/v2\/posts\/232365","targetHints":{"allow":["GET"]}}],"collection":[{"href":"https:\/\/migracao.redenoticia.com.br\/noticia\/wp-json\/wp\/v2\/posts"}],"about":[{"href":"https:\/\/migracao.redenoticia.com.br\/noticia\/wp-json\/wp\/v2\/types\/post"}],"author":[{"embeddable":true,"href":"https:\/\/migracao.redenoticia.com.br\/noticia\/wp-json\/wp\/v2\/users\/3"}],"replies":[{"embeddable":true,"href":"https:\/\/migracao.redenoticia.com.br\/noticia\/wp-json\/wp\/v2\/comments?post=232365"}],"version-history":[{"count":0,"href":"https:\/\/migracao.redenoticia.com.br\/noticia\/wp-json\/wp\/v2\/posts\/232365\/revisions"}],"wp:featuredmedia":[{"embeddable":true,"href":"https:\/\/migracao.redenoticia.com.br\/noticia\/wp-json\/wp\/v2\/media\/232241"}],"wp:attachment":[{"href":"https:\/\/migracao.redenoticia.com.br\/noticia\/wp-json\/wp\/v2\/media?parent=232365"}],"wp:term":[{"taxonomy":"category","embeddable":true,"href":"https:\/\/migracao.redenoticia.com.br\/noticia\/wp-json\/wp\/v2\/categories?post=232365"},{"taxonomy":"post_tag","embeddable":true,"href":"https:\/\/migracao.redenoticia.com.br\/noticia\/wp-json\/wp\/v2\/tags?post=232365"}],"curies":[{"name":"wp","href":"https:\/\/api.w.org\/{rel}","templated":true}]}}