{"id":232416,"date":"2023-05-10T16:30:00","date_gmt":"2023-05-10T19:30:00","guid":{"rendered":"https:\/\/www.redenoticia.com.br\/noticia\/?p=232416"},"modified":"2023-05-10T16:30:00","modified_gmt":"2023-05-10T19:30:00","slug":"resumo-terra-e-paixao-11-05-aline-recebe-doacao-de-caio-e-acha-que-foi-de-daniel","status":"publish","type":"post","link":"https:\/\/migracao.redenoticia.com.br\/noticia\/2023\/resumo-terra-e-paixao-11-05-aline-recebe-doacao-de-caio-e-acha-que-foi-de-daniel\/232416","title":{"rendered":"Resumo &#8220;Terra e Paix\u00e3o&#8221; 11\/05: Aline recebe doa\u00e7\u00e3o de Caio e acha que foi de Daniel"},"content":{"rendered":"<p> <img loading=\"lazy\" decoding=\"async\" src=\"https:\/\/migracao.redenoticia.com.br\/noticia\/imagens\/novela-terra-e-paixao-resumo.jpg\" alt=\"\" width=\"1280\" height=\"720\" class=\"aligncenter size-full wp-image-231930\" srcset=\"https:\/\/migracao.redenoticia.com.br\/noticia\/imagens\/novela-terra-e-paixao-resumo.jpg 1280w, https:\/\/migracao.redenoticia.com.br\/noticia\/imagens\/novela-terra-e-paixao-resumo-250x140.jpg 250w, https:\/\/migracao.redenoticia.com.br\/noticia\/imagens\/novela-terra-e-paixao-resumo-400x225.jpg 400w, https:\/\/migracao.redenoticia.com.br\/noticia\/imagens\/novela-terra-e-paixao-resumo-768x432.jpg 768w, https:\/\/migracao.redenoticia.com.br\/noticia\/imagens\/novela-terra-e-paixao-resumo-150x84.jpg 150w\" sizes=\"auto, (max-width: 1280px) 100vw, 1280px\" \/> <\/p>\n<p><strong><em>Resumo da novela &#8220;Terra e Paix\u00e3o&#8221;<\/em><\/strong> em 11\/05: no cap\u00edtulo 004(*) da novela, Ant\u00f4nio pede a Silv\u00e9rio que descubra para quem Aline enviou o relat\u00f3rio. Irene alerta Gra\u00e7a para ficar de olho na admira\u00e7\u00e3o que Daniel nutre por Aline, e sugere que a mo\u00e7a engravide do filho. C\u00e2ndida aconselha Caio a enfrentar Ant\u00f4nio. Diante da desconfian\u00e7a de Irene, Petra diz \u00e0 m\u00e3e que fez uma pesquisa na internet que comprova que Luigi \u00e9 milion\u00e1rio. <\/p>\n<p>Ademir concorda em atender ao pedido de Caio para comprar sementes de milho na cooperativa em seu nome e oferecer a Aline. Jussara repreende Aline por n\u00e3o ter aceitado a proposta de Ant\u00f4nio, com receio do que possa acontecer com sua filha. Gra\u00e7a segue a orienta\u00e7\u00e3o de Irene e tenta engravidar de Daniel. Mara entrega as sementes para Aline e diz que foi o filho de Ant\u00f4nio quem comprou para ela. Aline recebe doa\u00e7\u00e3o de Caio e acha que foi de Daniel.<\/p>\n<p>(*) edi\u00e7\u00e3o das novelas da Globo, &#8220;Terra e Paix\u00e3o&#8221;, sujeito a altera\u00e7\u00e3o de data e conte\u00fado.<\/p>\n<p>Sinopse &#8220;Terra e Paix\u00e3o&#8221;: Aline vive ao lado do marido Samuel e do filho Jo\u00e3o. Ap\u00f3s um atentado em sua casa, v\u00ea-se sozinha com o menino diante das terras deixadas pelo marido. Aline aprende a plantar com a ajuda de Jonatas, um amigo fiel. Al\u00e9m de contar com ele, tem ao seu lado sua m\u00e3e. Aline se aproxima dos irm\u00e3os Caio e Daniel, filhos do poderoso fazendeiro Ant\u00f4nio, com quem precisa brigar para manter suas terras. Ao lado dos dois rapazes, descobre sentimentos novos. Ant\u00f4nio La Selva \u00e9 casado com Irene com quem tem dois filhos, Daniel e Petra. Ele foi muito apaixonado por Agatha, com quem teve Caio, e culpa o rapaz pela morte da m\u00e3e no pr\u00e9-parto. <\/p>\n","protected":false},"excerpt":{"rendered":"<p>Resumo da novela &#8220;Terra e Paix\u00e3o&#8221; em 11\/05: no cap\u00edtulo 004(*) da novela, Ant\u00f4nio pede a Silv\u00e9rio que descubra para quem Aline enviou o relat\u00f3rio. Irene alerta Gra\u00e7a para ficar de olho na admira\u00e7\u00e3o que Daniel nutre por Aline, e sugere que a mo\u00e7a engravide do filho. C\u00e2ndida aconselha Caio a enfrentar Ant\u00f4nio. Diante da [&hellip;]<\/p>\n","protected":false},"author":3,"featured_media":231928,"comment_status":"closed","ping_status":"closed","sticky":false,"template":"","format":"standard","meta":{"tdm_status":"","tdm_grid_status":"","footnotes":""},"categories":[379,375,2025,343,2305],"tags":[441],"class_list":{"0":"post-232416","1":"post","2":"type-post","3":"status-publish","4":"format-standard","5":"has-post-thumbnail","7":"category-novelas","8":"category-rede-globo","9":"category-resumo","10":"category-televisao","11":"category-terra-e-paixao","12":"tag-resumo-do-dia"},"_links":{"self":[{"href":"https:\/\/migracao.redenoticia.com.br\/noticia\/wp-json\/wp\/v2\/posts\/232416","targetHints":{"allow":["GET"]}}],"collection":[{"href":"https:\/\/migracao.redenoticia.com.br\/noticia\/wp-json\/wp\/v2\/posts"}],"about":[{"href":"https:\/\/migracao.redenoticia.com.br\/noticia\/wp-json\/wp\/v2\/types\/post"}],"author":[{"embeddable":true,"href":"https:\/\/migracao.redenoticia.com.br\/noticia\/wp-json\/wp\/v2\/users\/3"}],"replies":[{"embeddable":true,"href":"https:\/\/migracao.redenoticia.com.br\/noticia\/wp-json\/wp\/v2\/comments?post=232416"}],"version-history":[{"count":0,"href":"https:\/\/migracao.redenoticia.com.br\/noticia\/wp-json\/wp\/v2\/posts\/232416\/revisions"}],"wp:featuredmedia":[{"embeddable":true,"href":"https:\/\/migracao.redenoticia.com.br\/noticia\/wp-json\/wp\/v2\/media\/231928"}],"wp:attachment":[{"href":"https:\/\/migracao.redenoticia.com.br\/noticia\/wp-json\/wp\/v2\/media?parent=232416"}],"wp:term":[{"taxonomy":"category","embeddable":true,"href":"https:\/\/migracao.redenoticia.com.br\/noticia\/wp-json\/wp\/v2\/categories?post=232416"},{"taxonomy":"post_tag","embeddable":true,"href":"https:\/\/migracao.redenoticia.com.br\/noticia\/wp-json\/wp\/v2\/tags?post=232416"}],"curies":[{"name":"wp","href":"https:\/\/api.w.org\/{rel}","templated":true}]}}