{"id":232462,"date":"2023-05-11T14:18:13","date_gmt":"2023-05-11T17:18:13","guid":{"rendered":"https:\/\/www.redenoticia.com.br\/noticia\/?p=232462"},"modified":"2023-05-11T14:18:13","modified_gmt":"2023-05-11T17:18:13","slug":"resumo-a-infancia-de-romeu-e-julieta-12-05-leandro-afirma-que-helio-o-roubou","status":"publish","type":"post","link":"https:\/\/migracao.redenoticia.com.br\/noticia\/2023\/resumo-a-infancia-de-romeu-e-julieta-12-05-leandro-afirma-que-helio-o-roubou\/232462","title":{"rendered":"Resumo \u201cA Inf\u00e2ncia de Romeu e Julieta\u201d 12\/05: Leandro afirma que H\u00e9lio o roubou"},"content":{"rendered":"<p> <img loading=\"lazy\" decoding=\"async\" src=\"https:\/\/migracao.redenoticia.com.br\/noticia\/imagens\/novela-romeu-e-julieta-sbt-elenco-resumo.jpg\" alt=\"\" width=\"1280\" height=\"720\" class=\"aligncenter size-full wp-image-232242\" srcset=\"https:\/\/migracao.redenoticia.com.br\/noticia\/imagens\/novela-romeu-e-julieta-sbt-elenco-resumo.jpg 1280w, https:\/\/migracao.redenoticia.com.br\/noticia\/imagens\/novela-romeu-e-julieta-sbt-elenco-resumo-250x140.jpg 250w, https:\/\/migracao.redenoticia.com.br\/noticia\/imagens\/novela-romeu-e-julieta-sbt-elenco-resumo-400x225.jpg 400w, https:\/\/migracao.redenoticia.com.br\/noticia\/imagens\/novela-romeu-e-julieta-sbt-elenco-resumo-768x432.jpg 768w, https:\/\/migracao.redenoticia.com.br\/noticia\/imagens\/novela-romeu-e-julieta-sbt-elenco-resumo-150x84.jpg 150w\" sizes=\"auto, (max-width: 1280px) 100vw, 1280px\" \/><\/p>\n<p><strong><em>Resumo da novela \u201cA Inf\u00e2ncia de Romeu e Julieta\u201d<\/em><\/strong> em 12\/05: no cap\u00edtulo 005(*) da novela, Mariana compartilha com Amanda que contou sobre passado para a filha. Vitor chega atrasado no trabalho, e Mari grita com o irm\u00e3o por estar cansada do jeito desinteressado dele. Mari diz a Amanda que \u00e0s vezes acha Vitor o causador da sua pris\u00e3o. Atrav\u00e9s da reportagem na revista, Julieta descobre que Romeu \u00e9 da fam\u00edlia Monteiro. Os amigos de Romeu aconselham ele esquecer Julieta. L\u00edvia sugere que Julieta fa\u00e7a o mesmo com Romeu. Ian ajuda Nath e Ellen a limpar um espa\u00e7o livre do Pedalzera. Ap\u00f3s ver Ian dialogar sozinho, Nath e Ellen n\u00e3o querem brincar com ele. Bass\u00e2nio chega no Armaz\u00e9m, e Vitor o atende mal, mas logo Mari o recepciona muito bem.<\/p>\n<p>P\u00f3rcia faz entrevista de emprego com Fred e Glaucia. Vitor diz para Clara que precisa modernizar o Armaz\u00e9m. Leandro conta para Romeu que o terreno do CEC era para ser dele, mas que H\u00e9lio praticamente o roubou. Fausto visita H\u00e9lio e exp\u00f5e que o novo empreendimento \u00e0 frente do Armaz\u00e9m \u00e9 da Monter Holding, empresa de Leandro. Chega o dia da inaugura\u00e7\u00e3o da obra. Amanda e Mari observam Vitor dando entrevista para os jornalistas em troca de benef\u00edcios. Fausto comenta com H\u00e9lio que \u00e9 amigo dele e do Leandro ao mesmo tempo. Dimitri \u00e9 capturado pelo Pedalzera, e os integrantes se apresentam para o menino.<\/p>\n<p>(*) edi\u00e7\u00e3o das novelas do SBT, \u201cA Inf\u00e2ncia de Romeu e Julieta\u201d, sujeito a altera\u00e7\u00e3o de data e conte\u00fado.<\/p>\n<p>Sinopse \u201cA Inf\u00e2ncia de Romeu e Julieta\u201d: A Trama se passa no bairro chamado castanheiras, em que duas fam\u00edlias com propostas diferentes para esse bairro vivem em disc\u00f3rdia, sendo divididas entre os lados Torre (Campos) e Vila (Monteiro).[6] Entretanto, Romeu (Miguel \u00c2ngelo) e Julieta (Vitt\u00f3ria Seixas) se conhecem, da\u00ed em diante, as fam\u00edlias rivais t\u00eam uma nova oportunidade de trazer paz e uni\u00e3o entre o conv\u00edvio deles. <\/p>\n<p>Romeu e Julieta n\u00e3o sabem como v\u00e3o fazer para ficarem juntos. A not\u00edcia do romance chega \u00e0s fam\u00edlias, que n\u00e3o gostam nada da hist\u00f3ria e tratam de afasta-los imediatamente, aprontando v\u00e1rias situa\u00e7\u00f5es. Romeu e Julieta querem acabar com essa hostilidade e tentam ir atr\u00e1s de uma solu\u00e7\u00e3o, mas ao descobrirem mais sobre a hist\u00f3ria de seus pais, percebem que pode ser imposs\u00edvel.<\/p>\n","protected":false},"excerpt":{"rendered":"<p>Resumo da novela \u201cA Inf\u00e2ncia de Romeu e Julieta\u201d em 12\/05: no cap\u00edtulo 005(*) da novela, Mariana compartilha com Amanda que contou sobre passado para a filha. Vitor chega atrasado no trabalho, e Mari grita com o irm\u00e3o por estar cansada do jeito desinteressado dele. Mari diz a Amanda que \u00e0s vezes acha Vitor o [&hellip;]<\/p>\n","protected":false},"author":5,"featured_media":232241,"comment_status":"closed","ping_status":"closed","sticky":false,"template":"","format":"standard","meta":{"tdm_status":"","tdm_grid_status":"","footnotes":""},"categories":[2306,379,2025,372,343],"tags":[441],"class_list":{"0":"post-232462","1":"post","2":"type-post","3":"status-publish","4":"format-standard","5":"has-post-thumbnail","7":"category-novela-romeu-e-julieta","8":"category-novelas","9":"category-resumo","10":"category-sbt","11":"category-televisao","12":"tag-resumo-do-dia"},"_links":{"self":[{"href":"https:\/\/migracao.redenoticia.com.br\/noticia\/wp-json\/wp\/v2\/posts\/232462","targetHints":{"allow":["GET"]}}],"collection":[{"href":"https:\/\/migracao.redenoticia.com.br\/noticia\/wp-json\/wp\/v2\/posts"}],"about":[{"href":"https:\/\/migracao.redenoticia.com.br\/noticia\/wp-json\/wp\/v2\/types\/post"}],"author":[{"embeddable":true,"href":"https:\/\/migracao.redenoticia.com.br\/noticia\/wp-json\/wp\/v2\/users\/5"}],"replies":[{"embeddable":true,"href":"https:\/\/migracao.redenoticia.com.br\/noticia\/wp-json\/wp\/v2\/comments?post=232462"}],"version-history":[{"count":0,"href":"https:\/\/migracao.redenoticia.com.br\/noticia\/wp-json\/wp\/v2\/posts\/232462\/revisions"}],"wp:featuredmedia":[{"embeddable":true,"href":"https:\/\/migracao.redenoticia.com.br\/noticia\/wp-json\/wp\/v2\/media\/232241"}],"wp:attachment":[{"href":"https:\/\/migracao.redenoticia.com.br\/noticia\/wp-json\/wp\/v2\/media?parent=232462"}],"wp:term":[{"taxonomy":"category","embeddable":true,"href":"https:\/\/migracao.redenoticia.com.br\/noticia\/wp-json\/wp\/v2\/categories?post=232462"},{"taxonomy":"post_tag","embeddable":true,"href":"https:\/\/migracao.redenoticia.com.br\/noticia\/wp-json\/wp\/v2\/tags?post=232462"}],"curies":[{"name":"wp","href":"https:\/\/api.w.org\/{rel}","templated":true}]}}