{"id":23254,"date":"2010-02-11T09:26:59","date_gmt":"2010-02-11T13:26:59","guid":{"rendered":"http:\/\/www.redenoticia.com.br\/noticia\/?p=23254"},"modified":"2010-02-15T13:02:40","modified_gmt":"2010-02-15T17:02:40","slug":"rede-record-cancela-festa-de-encerramento-de-a-fazenda","status":"publish","type":"post","link":"https:\/\/migracao.redenoticia.com.br\/noticia\/2010\/rede-record-cancela-festa-de-encerramento-de-a-fazenda\/23254","title":{"rendered":"Rede Record cancela festa de encerramento de A Fazenda"},"content":{"rendered":"<p><strong><em><img loading=\"lazy\" decoding=\"async\" class=\"alignleft size-full wp-image-17419\" title=\"a fazenda\" src=\"https:\/\/migracao.redenoticia.com.br\/noticia\/imagens\/a-fazenda.jpg\" alt=\"\" width=\"300\" height=\"193\" srcset=\"https:\/\/migracao.redenoticia.com.br\/noticia\/imagens\/a-fazenda.jpg 300w, https:\/\/migracao.redenoticia.com.br\/noticia\/imagens\/a-fazenda-250x160.jpg 250w, https:\/\/migracao.redenoticia.com.br\/noticia\/imagens\/a-fazenda-150x96.jpg 150w\" sizes=\"auto, (max-width: 300px) 100vw, 300px\" \/>Rede Record<\/em><\/strong> &#8211; Em respeito aos funcion\u00e1rios envolvidos no acidente com o <strong><em>helic\u00f3ptero<\/em><\/strong> da emissora na manh\u00e3 desta quarta-feira (10), a Rede Record decidiu cancelar a festa de encerramento da segunda temporada de &#8220;<strong><em>A Fazenda<\/em><\/strong>&#8220;, que aconteceria nesta quinta-feira (11). A aeronave caiu enquanto sobrevoava o Jockey Clube de SP. O piloto Rafael Delgado Sobrinho, de 45 anos morreu no acidente e o cinegrafista Alexandre da Silva Moura, de 36 anos, o \u201cBorracha\u201d est\u00e1 internado em estado grave no hospital Albert Einsten.<\/p>\n<p>Karina Bacchi foi a grande vencedora da segunda temporada de A Fazenda da Rede Record. Ap\u00f3s 88 dias de confinamento e seis Ro\u00e7as, a peoa colocou o p\u00e9 na estrada em grande estilo &#8211; em sua mala, R$ 1 milh\u00e3o de reais. Discreta, meiga, bela, companheira, franca, divertida, sens\u00edvel, s\u00e3o v\u00e1rios os elogios para a vencedora. Mas h\u00e1 um especial, constatado com o recebimento do pr\u00eamio &#8211; Karina \u00e9 tamb\u00e9m uma excelente jogadora.<\/p>\n<p>Eram 14 pe\u00f5es em A Fazenda da Rede Record, todos muito carism\u00e1ticos, cheios de garra e vontade de ganhar. Alguns foram mais afoitos, com muita &#8220;sede ao pote&#8221; e morreram na praia. No jogo rural, ser o centro das aten\u00e7\u00f5es \u00e9 extremamente perigoso. Conquista-se o foco, por\u00e9m, em evid\u00eancia, basta um pequeno deslize para pegar o rumo da cidade rapidinho! Fingir de morto tamb\u00e9m n\u00e3o \u00e9 uma boa t\u00e1tica &#8211; apagado, o pe\u00e3o vira o alvo na t\u00e3o temida Ro\u00e7a.<\/p>\n<p>E, exatamente, nesse jogo de esconde-esconde desaparece, Karina soube ser mestra. A campe\u00e3 do time rural se colocou quando necess\u00e1rio e &#8220;saiu de fininho&#8221;, ao notar o perigo \u00e0 vista. Conquistou o p\u00fablico e o cobi\u00e7ado pr\u00eamio.<\/p>\n<p>Fonte Rede Record e R7<\/p>\n","protected":false},"excerpt":{"rendered":"<p>Rede Record &#8211; Em respeito aos funcion\u00e1rios envolvidos no acidente com o helic\u00f3ptero da emissora na manh\u00e3 desta quarta-feira (10), a Rede Record decidiu cancelar a festa de encerramento da segunda temporada de &#8220;A Fazenda&#8220;, que aconteceria nesta quinta-feira (11). A aeronave caiu enquanto sobrevoava o Jockey Clube de SP. O piloto Rafael Delgado Sobrinho, [&hellip;]<\/p>\n","protected":false},"author":3,"featured_media":17419,"comment_status":"open","ping_status":"open","sticky":false,"template":"","format":"standard","meta":{"tdm_status":"","tdm_grid_status":"","footnotes":""},"categories":[22,371,343],"tags":[],"class_list":{"0":"post-23254","1":"post","2":"type-post","3":"status-publish","4":"format-standard","5":"has-post-thumbnail","7":"category-brasil","8":"category-rede-record","9":"category-televisao"},"_links":{"self":[{"href":"https:\/\/migracao.redenoticia.com.br\/noticia\/wp-json\/wp\/v2\/posts\/23254","targetHints":{"allow":["GET"]}}],"collection":[{"href":"https:\/\/migracao.redenoticia.com.br\/noticia\/wp-json\/wp\/v2\/posts"}],"about":[{"href":"https:\/\/migracao.redenoticia.com.br\/noticia\/wp-json\/wp\/v2\/types\/post"}],"author":[{"embeddable":true,"href":"https:\/\/migracao.redenoticia.com.br\/noticia\/wp-json\/wp\/v2\/users\/3"}],"replies":[{"embeddable":true,"href":"https:\/\/migracao.redenoticia.com.br\/noticia\/wp-json\/wp\/v2\/comments?post=23254"}],"version-history":[{"count":0,"href":"https:\/\/migracao.redenoticia.com.br\/noticia\/wp-json\/wp\/v2\/posts\/23254\/revisions"}],"wp:featuredmedia":[{"embeddable":true,"href":"https:\/\/migracao.redenoticia.com.br\/noticia\/wp-json\/wp\/v2\/media\/17419"}],"wp:attachment":[{"href":"https:\/\/migracao.redenoticia.com.br\/noticia\/wp-json\/wp\/v2\/media?parent=23254"}],"wp:term":[{"taxonomy":"category","embeddable":true,"href":"https:\/\/migracao.redenoticia.com.br\/noticia\/wp-json\/wp\/v2\/categories?post=23254"},{"taxonomy":"post_tag","embeddable":true,"href":"https:\/\/migracao.redenoticia.com.br\/noticia\/wp-json\/wp\/v2\/tags?post=23254"}],"curies":[{"name":"wp","href":"https:\/\/api.w.org\/{rel}","templated":true}]}}