{"id":23256,"date":"2010-02-11T09:31:49","date_gmt":"2010-02-11T13:31:49","guid":{"rendered":"http:\/\/www.redenoticia.com.br\/noticia\/?p=23256"},"modified":"2012-04-02T15:40:46","modified_gmt":"2012-04-02T18:40:46","slug":"resumo-de-novela-bruno-manda-sequestrar-gigi-em-poder-paralelo","status":"publish","type":"post","link":"https:\/\/migracao.redenoticia.com.br\/noticia\/2010\/resumo-de-novela-bruno-manda-sequestrar-gigi-em-poder-paralelo\/23256","title":{"rendered":"Resumo de Novela &#8211; Bruno manda sequestrar Gigi em Poder Paralelo"},"content":{"rendered":"<p><strong><em><span style=\"font-style: normal; font-weight: normal;\"><img loading=\"lazy\" decoding=\"async\" class=\"alignleft size-full wp-image-17363\" title=\"novela record poder paralelo\" src=\"https:\/\/migracao.redenoticia.com.br\/noticia\/imagens\/novela-record-poder-paralelo.jpg\" alt=\"\" width=\"300\" height=\"193\" srcset=\"https:\/\/migracao.redenoticia.com.br\/noticia\/imagens\/novela-record-poder-paralelo.jpg 300w, https:\/\/migracao.redenoticia.com.br\/noticia\/imagens\/novela-record-poder-paralelo-250x160.jpg 250w, https:\/\/migracao.redenoticia.com.br\/noticia\/imagens\/novela-record-poder-paralelo-150x96.jpg 150w\" sizes=\"auto, (max-width: 300px) 100vw, 300px\" \/><\/span>Poder Paralelo Resumo de Novela<\/em><\/strong> &#8211; Em Poder Paralelo, Artur (Sacha Bali) \u00e9 visto em seu quarto na pens\u00e3o com uma arma. Assustado, por saber que o primo \u00e9 ex-presidi\u00e1rio, Jo\u00e3o (Leandro L\u00e9o) o questiona. Artur diz que est\u00e1 guardando a arma para um amigo e que pretende devolv\u00ea-la logo. Em seguida, Jo\u00e3o se oferece para lev\u00e1-lo ao encontro do rapaz e os dois\u00a0saem de moto. A sequ\u00eancia est\u00e1 prevista para ser exibida no cap\u00edtulo de segunda-feira, dia 15.<\/p>\n<p>L\u00edgia d\u00e1 um cachorro para Eduardo &#8211; Em Poder Paralelo, ainda na It\u00e1lia, depois de ouvir de dizer para L\u00edgia (Miriam Freeland) que ela \u00e9 como se fosse sua m\u00e3e, Eduardo (Jo\u00e3o Vitor Silva) tem uma surpresa. Ele ganha da jornalista um cachorrinho chamado Pinolli. O presente deixa o menino ainda mais pr\u00f3ximo de L\u00edgia. A sequ\u00eancia est\u00e1 prevista para ser exibida no cap\u00edtulo do dia 15.<\/p>\n<p>Bruno manda sequestrar Gigi &#8211; Em Poder Paralelo, a mando de Bruno (Marcelo Serrado), Gigi (Karen Junqueira) \u00e9 sequestrada por Lucas (Luiz Guilherme) e Silvio (Marcello Escorel). A ideia do vil\u00e3o \u00e9 obrigar Tony (Gabriel Braga Nunes), o irm\u00e3o da mocinha, a voltar para o Brasil em troca de libert\u00e1-la. No cativeiro, a jovem briga com os bandidos, que a deixam algemada para impedir sua fuga.<\/p>\n<p>Enquanto isso, Tony \u00e9 avisado sobre a situa\u00e7\u00e3o. A sequ\u00eancia est\u00e1 prevista para ser exibida no cap\u00edtulo do dia 16.<\/p>\n<p>Resumo de Novela \u2013 Poder Paralelo<\/p>\n","protected":false},"excerpt":{"rendered":"<p>Poder Paralelo Resumo de Novela &#8211; Em Poder Paralelo, Artur (Sacha Bali) \u00e9 visto em seu quarto na pens\u00e3o com uma arma. Assustado, por saber que o primo \u00e9 ex-presidi\u00e1rio, Jo\u00e3o (Leandro L\u00e9o) o questiona. Artur diz que est\u00e1 guardando a arma para um amigo e que pretende devolv\u00ea-la logo. Em seguida, Jo\u00e3o se oferece [&hellip;]<\/p>\n","protected":false},"author":3,"featured_media":17363,"comment_status":"open","ping_status":"open","sticky":false,"template":"","format":"standard","meta":{"tdm_status":"","tdm_grid_status":"","footnotes":""},"categories":[22,379,371,343],"tags":[],"class_list":{"0":"post-23256","1":"post","2":"type-post","3":"status-publish","4":"format-standard","5":"has-post-thumbnail","7":"category-brasil","8":"category-novelas","9":"category-rede-record","10":"category-televisao"},"_links":{"self":[{"href":"https:\/\/migracao.redenoticia.com.br\/noticia\/wp-json\/wp\/v2\/posts\/23256","targetHints":{"allow":["GET"]}}],"collection":[{"href":"https:\/\/migracao.redenoticia.com.br\/noticia\/wp-json\/wp\/v2\/posts"}],"about":[{"href":"https:\/\/migracao.redenoticia.com.br\/noticia\/wp-json\/wp\/v2\/types\/post"}],"author":[{"embeddable":true,"href":"https:\/\/migracao.redenoticia.com.br\/noticia\/wp-json\/wp\/v2\/users\/3"}],"replies":[{"embeddable":true,"href":"https:\/\/migracao.redenoticia.com.br\/noticia\/wp-json\/wp\/v2\/comments?post=23256"}],"version-history":[{"count":0,"href":"https:\/\/migracao.redenoticia.com.br\/noticia\/wp-json\/wp\/v2\/posts\/23256\/revisions"}],"wp:featuredmedia":[{"embeddable":true,"href":"https:\/\/migracao.redenoticia.com.br\/noticia\/wp-json\/wp\/v2\/media\/17363"}],"wp:attachment":[{"href":"https:\/\/migracao.redenoticia.com.br\/noticia\/wp-json\/wp\/v2\/media?parent=23256"}],"wp:term":[{"taxonomy":"category","embeddable":true,"href":"https:\/\/migracao.redenoticia.com.br\/noticia\/wp-json\/wp\/v2\/categories?post=23256"},{"taxonomy":"post_tag","embeddable":true,"href":"https:\/\/migracao.redenoticia.com.br\/noticia\/wp-json\/wp\/v2\/tags?post=23256"}],"curies":[{"name":"wp","href":"https:\/\/api.w.org\/{rel}","templated":true}]}}