{"id":23258,"date":"2010-02-11T10:40:25","date_gmt":"2010-02-11T14:40:25","guid":{"rendered":"http:\/\/www.redenoticia.com.br\/noticia\/?p=23258"},"modified":"2018-08-13T10:50:49","modified_gmt":"2018-08-13T13:50:49","slug":"trajes-tipicos-na-festa-bbb-10","status":"publish","type":"post","link":"https:\/\/migracao.redenoticia.com.br\/noticia\/2010\/trajes-tipicos-na-festa-bbb-10\/23258","title":{"rendered":"Trajes t\u00edpicos na festa BBB 10"},"content":{"rendered":"<p><img loading=\"lazy\" decoding=\"async\" class=\"alignleft size-full wp-image-22134\" title=\"BBB 10 Rede Globo\" src=\"https:\/\/migracao.redenoticia.com.br\/noticia\/imagens\/BBB-10-Rede-Globo.jpg\" alt=\"\" width=\"300\" height=\"193\" srcset=\"https:\/\/migracao.redenoticia.com.br\/noticia\/imagens\/BBB-10-Rede-Globo.jpg 300w, https:\/\/migracao.redenoticia.com.br\/noticia\/imagens\/BBB-10-Rede-Globo-250x161.jpg 250w, https:\/\/migracao.redenoticia.com.br\/noticia\/imagens\/BBB-10-Rede-Globo-150x97.jpg 150w\" sizes=\"auto, (max-width: 300px) 100vw, 300px\" \/>Na festa <strong><em>BBB 10<\/em><\/strong> desta quarta-feira (10\/02), produzida pela <strong><em>Rede Globo<\/em><\/strong>, os brothers se vestiram com trajes t\u00edpicos do Brasil. Banda, m\u00fasica diversificada, bebidas e comidas regionais motivaram a anima\u00e7\u00e3o dos competidores. No final, Lia teve que ser amparada por Ang\u00e9lica ap\u00f3s ter exagerado das bebidas. Dourado aproveitou os petiscos at\u00e9 o final da festa. Michel conversou com Dourado e Cadu sobre estilos dos jogadores e como dever\u00e1 ser a sua estrat\u00e9gia futura. Al\u00e9m disso, ganhou o direito a um telefonema para qualquer lugar do Brasil. Michel dormiu no quarto do L\u00edder com Cadu e Serginho, e brigaram boa parte da noite pela divis\u00e3o do edredom. \u00a0<\/p>\n<p>Nesta quinta-feira (11\/02) ser\u00e1 realizada mais uma prova pela lideran\u00e7a e, at\u00e9 o final da semana, o Big Fone vai mandar dois brothers para o quarto surpresa, sem dizer que ser\u00e1 a passagem para um divertido passeio pelo carnaval.<\/p>\n<p>O programa BBB10 &#8211; o BBB 10 vai ao ar pela Rede Globo do dia 12 de janeiro at\u00e9 o dia 31 de mar\u00e7o, com uma final que garante ao vencedor da competi\u00e7\u00e3o o pr\u00eamio in\u00e9dito de R$ 1,5 milh\u00e3o. O segundo colocado leva R$ 150 mil e o terceiro, R$ 50 mil. De 2005 at\u00e9 o ano passado, os pr\u00eamios eram, respectivamente, de R$ 1 milh\u00e3o, R$ 100 mil e R$ 30 mil. Mas n\u00e3o s\u00f3 os finalistas ganham no BBB. Durante os quase tr\u00eas meses de confinamento, os participantes realizam provas com pr\u00eamios diversos. Nas edi\u00e7\u00f5es passadas, os sortudos ganharam carros, computadores, eletrodom\u00e9sticos e passeios, entre outras maravilhas.<\/p>\n<p>BBB 10 \u2013 Rede Globo<\/p>\n","protected":false},"excerpt":{"rendered":"<p>Na festa BBB 10 desta quarta-feira (10\/02), produzida pela Rede Globo, os brothers se vestiram com trajes t\u00edpicos do Brasil. Banda, m\u00fasica diversificada, bebidas e comidas regionais motivaram a anima\u00e7\u00e3o dos competidores. No final, Lia teve que ser amparada por Ang\u00e9lica ap\u00f3s ter exagerado das bebidas. Dourado aproveitou os petiscos at\u00e9 o final da festa. [&hellip;]<\/p>\n","protected":false},"author":3,"featured_media":22134,"comment_status":"open","ping_status":"open","sticky":false,"template":"","format":"standard","meta":{"tdm_status":"","tdm_grid_status":"","footnotes":""},"categories":[520,22,375,343],"tags":[],"class_list":{"0":"post-23258","1":"post","2":"type-post","3":"status-publish","4":"format-standard","5":"has-post-thumbnail","7":"category-big-brother-brasil","8":"category-brasil","9":"category-rede-globo","10":"category-televisao"},"_links":{"self":[{"href":"https:\/\/migracao.redenoticia.com.br\/noticia\/wp-json\/wp\/v2\/posts\/23258","targetHints":{"allow":["GET"]}}],"collection":[{"href":"https:\/\/migracao.redenoticia.com.br\/noticia\/wp-json\/wp\/v2\/posts"}],"about":[{"href":"https:\/\/migracao.redenoticia.com.br\/noticia\/wp-json\/wp\/v2\/types\/post"}],"author":[{"embeddable":true,"href":"https:\/\/migracao.redenoticia.com.br\/noticia\/wp-json\/wp\/v2\/users\/3"}],"replies":[{"embeddable":true,"href":"https:\/\/migracao.redenoticia.com.br\/noticia\/wp-json\/wp\/v2\/comments?post=23258"}],"version-history":[{"count":0,"href":"https:\/\/migracao.redenoticia.com.br\/noticia\/wp-json\/wp\/v2\/posts\/23258\/revisions"}],"wp:featuredmedia":[{"embeddable":true,"href":"https:\/\/migracao.redenoticia.com.br\/noticia\/wp-json\/wp\/v2\/media\/22134"}],"wp:attachment":[{"href":"https:\/\/migracao.redenoticia.com.br\/noticia\/wp-json\/wp\/v2\/media?parent=23258"}],"wp:term":[{"taxonomy":"category","embeddable":true,"href":"https:\/\/migracao.redenoticia.com.br\/noticia\/wp-json\/wp\/v2\/categories?post=23258"},{"taxonomy":"post_tag","embeddable":true,"href":"https:\/\/migracao.redenoticia.com.br\/noticia\/wp-json\/wp\/v2\/tags?post=23258"}],"curies":[{"name":"wp","href":"https:\/\/api.w.org\/{rel}","templated":true}]}}