{"id":232596,"date":"2023-05-15T14:00:53","date_gmt":"2023-05-15T17:00:53","guid":{"rendered":"https:\/\/www.redenoticia.com.br\/noticia\/?p=232596"},"modified":"2023-05-15T14:00:53","modified_gmt":"2023-05-15T17:00:53","slug":"resumo-a-infancia-de-romeu-e-julieta-16-05-romeu-encontra-juli-na-fonte","status":"publish","type":"post","link":"https:\/\/migracao.redenoticia.com.br\/noticia\/2023\/resumo-a-infancia-de-romeu-e-julieta-16-05-romeu-encontra-juli-na-fonte\/232596","title":{"rendered":"Resumo \u201cA Inf\u00e2ncia de Romeu e Julieta\u201d 16\/05: Romeu encontra Juli na fonte"},"content":{"rendered":"<p> <img loading=\"lazy\" decoding=\"async\" src=\"https:\/\/migracao.redenoticia.com.br\/noticia\/imagens\/novela-romeu-e-julieta-sbt-elenco-resumo.jpg\" alt=\"\" width=\"1280\" height=\"720\" class=\"aligncenter size-full wp-image-232242\" srcset=\"https:\/\/migracao.redenoticia.com.br\/noticia\/imagens\/novela-romeu-e-julieta-sbt-elenco-resumo.jpg 1280w, https:\/\/migracao.redenoticia.com.br\/noticia\/imagens\/novela-romeu-e-julieta-sbt-elenco-resumo-250x140.jpg 250w, https:\/\/migracao.redenoticia.com.br\/noticia\/imagens\/novela-romeu-e-julieta-sbt-elenco-resumo-400x225.jpg 400w, https:\/\/migracao.redenoticia.com.br\/noticia\/imagens\/novela-romeu-e-julieta-sbt-elenco-resumo-768x432.jpg 768w, https:\/\/migracao.redenoticia.com.br\/noticia\/imagens\/novela-romeu-e-julieta-sbt-elenco-resumo-150x84.jpg 150w\" sizes=\"auto, (max-width: 1280px) 100vw, 1280px\" \/><\/p>\n<p><strong><em>Resumo da novela \u201cA Inf\u00e2ncia de Romeu e Julieta\u201d<\/em><\/strong> em 16\/05: no cap\u00edtulo 007(*) da novela, em conversa com Fred, Glaucia fica feliz com a repercuss\u00e3o negativa do mercado e diz que n\u00e3o tem nada a perder, j\u00e1 que a fam\u00edlia n\u00e3o gosta dela. Romeu se arruma para sair com Alex, Karen e Rosalina. Romeu passa o endere\u00e7o errado para o motorista e vai parar, sem querer, no Lado Vila. Coincidentemente, Romeu encontra Julieta no jardim da fonte, eles batem um papo sobre a inaugura\u00e7\u00e3o do Monter Mercado. Dimitri deseja colocar adesivo do Pedalzera na pracinha de Nath e Ellen. Vera compartilha com Bernardo que precisou abrir um com\u00e9rcio naquela regi\u00e3o, porque os Campos tinham muita presen\u00e7a na pra\u00e7a e que a guerra entre as fam\u00edlias s\u00f3 est\u00e1 come\u00e7ando. <\/p>\n<p>Julieta quer comprovar para Romeu que o Lado Vila \u00e9 mais legal que o Lado Torre e leva o garoto para conhecer. Rosalina quer saber onde est\u00e1 Romeu e fala para o Alex que Romeu n\u00e3o gosta dela. Alex liga para Romeu e implora para ele ir ao encontro. Romeu e Julieta se despedem e prometem entre eles que a briga da fam\u00edlia jamais ser\u00e1 a deles. Patrick, T\u00e9o e L\u00edvia aprontam no Monter Mercado; ap\u00f3s o ato, Patrick fica com uma sensa\u00e7\u00e3o ruim. Romeu encontra com amigos no boliche. Enzo assiste o jogo do T\u00e9o no CEC, por gostar de educa\u00e7\u00e3o f\u00edsica, Enzo d\u00e1 palpite ao treinador H\u00e9lio, que n\u00e3o gosta nada da atitude. <\/p>\n<p>Rosalina diz para Romeu que eles t\u00eam tudo a ver. Alex tira foto dos amigos no boliche e publica nas redes; Nando verifica e fica chateado que ele n\u00e3o foi chamado. Rosalina chama Romeu para jogar t\u00eanis no dia seguinte, Romeu solicita ajuda de Karen para afastar Rosalina. Pensando em uma nova parceria, Daniel diz a Mari que quer fazer um restaurante no Armaz\u00e9m. Telma demonstra estar com dificuldades com as contas banc\u00e1rias. Julieta pergunta para Clara como foi a primeira vez que viu H\u00e9lio; ela conta que n\u00e3o foi amor \u00e0 primeira vista e sim amizade \u00e0 primeira vista.<\/p>\n<p>(*) edi\u00e7\u00e3o das novelas do SBT, \u201cA Inf\u00e2ncia de Romeu e Julieta\u201d, sujeito a altera\u00e7\u00e3o de data e conte\u00fado.<\/p>\n<p>Sinopse \u201cA Inf\u00e2ncia de Romeu e Julieta\u201d: A Trama se passa no bairro chamado castanheiras, em que duas fam\u00edlias com propostas diferentes para esse bairro vivem em disc\u00f3rdia, sendo divididas entre os lados Torre (Campos) e Vila (Monteiro).[6] Entretanto, Romeu (Miguel \u00c2ngelo) e Julieta (Vitt\u00f3ria Seixas) se conhecem, da\u00ed em diante, as fam\u00edlias rivais t\u00eam uma nova oportunidade de trazer paz e uni\u00e3o entre o conv\u00edvio deles. <\/p>\n<p>Romeu e Julieta n\u00e3o sabem como v\u00e3o fazer para ficarem juntos. A not\u00edcia do romance chega \u00e0s fam\u00edlias, que n\u00e3o gostam nada da hist\u00f3ria e tratam de afasta-los imediatamente, aprontando v\u00e1rias situa\u00e7\u00f5es. Romeu e Julieta querem acabar com essa hostilidade e tentam ir atr\u00e1s de uma solu\u00e7\u00e3o, mas ao descobrirem mais sobre a hist\u00f3ria de seus pais, percebem que pode ser imposs\u00edvel.<\/p>\n","protected":false},"excerpt":{"rendered":"<p>Resumo da novela \u201cA Inf\u00e2ncia de Romeu e Julieta\u201d em 16\/05: no cap\u00edtulo 007(*) da novela, em conversa com Fred, Glaucia fica feliz com a repercuss\u00e3o negativa do mercado e diz que n\u00e3o tem nada a perder, j\u00e1 que a fam\u00edlia n\u00e3o gosta dela. Romeu se arruma para sair com Alex, Karen e Rosalina. Romeu [&hellip;]<\/p>\n","protected":false},"author":3,"featured_media":232241,"comment_status":"closed","ping_status":"closed","sticky":false,"template":"","format":"standard","meta":{"tdm_status":"","tdm_grid_status":"","footnotes":""},"categories":[2306,379,2025,372,343],"tags":[441],"class_list":{"0":"post-232596","1":"post","2":"type-post","3":"status-publish","4":"format-standard","5":"has-post-thumbnail","7":"category-novela-romeu-e-julieta","8":"category-novelas","9":"category-resumo","10":"category-sbt","11":"category-televisao","12":"tag-resumo-do-dia"},"_links":{"self":[{"href":"https:\/\/migracao.redenoticia.com.br\/noticia\/wp-json\/wp\/v2\/posts\/232596","targetHints":{"allow":["GET"]}}],"collection":[{"href":"https:\/\/migracao.redenoticia.com.br\/noticia\/wp-json\/wp\/v2\/posts"}],"about":[{"href":"https:\/\/migracao.redenoticia.com.br\/noticia\/wp-json\/wp\/v2\/types\/post"}],"author":[{"embeddable":true,"href":"https:\/\/migracao.redenoticia.com.br\/noticia\/wp-json\/wp\/v2\/users\/3"}],"replies":[{"embeddable":true,"href":"https:\/\/migracao.redenoticia.com.br\/noticia\/wp-json\/wp\/v2\/comments?post=232596"}],"version-history":[{"count":0,"href":"https:\/\/migracao.redenoticia.com.br\/noticia\/wp-json\/wp\/v2\/posts\/232596\/revisions"}],"wp:featuredmedia":[{"embeddable":true,"href":"https:\/\/migracao.redenoticia.com.br\/noticia\/wp-json\/wp\/v2\/media\/232241"}],"wp:attachment":[{"href":"https:\/\/migracao.redenoticia.com.br\/noticia\/wp-json\/wp\/v2\/media?parent=232596"}],"wp:term":[{"taxonomy":"category","embeddable":true,"href":"https:\/\/migracao.redenoticia.com.br\/noticia\/wp-json\/wp\/v2\/categories?post=232596"},{"taxonomy":"post_tag","embeddable":true,"href":"https:\/\/migracao.redenoticia.com.br\/noticia\/wp-json\/wp\/v2\/tags?post=232596"}],"curies":[{"name":"wp","href":"https:\/\/api.w.org\/{rel}","templated":true}]}}