{"id":232680,"date":"2023-05-17T12:08:06","date_gmt":"2023-05-17T15:08:06","guid":{"rendered":"https:\/\/www.redenoticia.com.br\/noticia\/?p=232680"},"modified":"2023-05-17T12:08:06","modified_gmt":"2023-05-17T15:08:06","slug":"resumo-a-infancia-de-romeu-e-julieta-18-05-julieta-conhece-bassanio","status":"publish","type":"post","link":"https:\/\/migracao.redenoticia.com.br\/noticia\/2023\/resumo-a-infancia-de-romeu-e-julieta-18-05-julieta-conhece-bassanio\/232680","title":{"rendered":"Resumo \u201cA Inf\u00e2ncia de Romeu e Julieta\u201d 18\/05: Julieta conhece Bass\u00e2nio"},"content":{"rendered":"<p> <img loading=\"lazy\" decoding=\"async\" src=\"https:\/\/migracao.redenoticia.com.br\/noticia\/imagens\/novela-romeu-e-julieta-sbt-elenco-resumo.jpg\" alt=\"\" width=\"1280\" height=\"720\" class=\"aligncenter size-full wp-image-232242\" srcset=\"https:\/\/migracao.redenoticia.com.br\/noticia\/imagens\/novela-romeu-e-julieta-sbt-elenco-resumo.jpg 1280w, https:\/\/migracao.redenoticia.com.br\/noticia\/imagens\/novela-romeu-e-julieta-sbt-elenco-resumo-250x140.jpg 250w, https:\/\/migracao.redenoticia.com.br\/noticia\/imagens\/novela-romeu-e-julieta-sbt-elenco-resumo-400x225.jpg 400w, https:\/\/migracao.redenoticia.com.br\/noticia\/imagens\/novela-romeu-e-julieta-sbt-elenco-resumo-768x432.jpg 768w, https:\/\/migracao.redenoticia.com.br\/noticia\/imagens\/novela-romeu-e-julieta-sbt-elenco-resumo-150x84.jpg 150w\" sizes=\"auto, (max-width: 1280px) 100vw, 1280px\" \/><\/p>\n<p><strong><em>Resumo da novela \u201cA Inf\u00e2ncia de Romeu e Julieta\u201d<\/em><\/strong> em 18\/05: no cap\u00edtulo 009(*) da novela, Juli diz aos amigos que os cartazes que implementaram no Monter Mercado podem piorar com a rivalidade da fam\u00edlia. Mari chega na conversa e pergunta o que Vera est\u00e1 implicando com as crian\u00e7as. Vera mostra or\u00e7amento para a limpeza na empresa. Dimitri arma emboscada contra Nath e Ellen e consegue colar adesivo do Peldazera no local de brincadeira das meninas. T\u00e9o, L\u00edvia e Patrick sugerem limpar o com\u00e9rcio, mas Vera fala para eles modificarem o que fizeram com a orienta\u00e7\u00e3o dela, colocando cartazes com mensagens positivas. Vitor visita o Monter Mercado, conhece P\u00f3rcia e gosta dela. <\/p>\n<p>Ian socorre Nath e Ellen. Patrick, L\u00edvia e T\u00e9o alteram os cartazes em prol do Mercado. Alex encontra com T\u00e9o, Patrick e L\u00edvia arrumando a bagun\u00e7a que fizeram e provoca os rivais. Glaucia fica sem paci\u00eancia ouvindo os planos de Fausto para seu investimento teatral. Dimitri diz a gangue Pedalzera que cumpriu o desafio. Amigos de Juli pedem perd\u00e3o e reconhecem que prejudicaram ainda mais o conflito entre as fam\u00edlias. Juli diz que n\u00e3o concorda com a briga entre as fam\u00edlias, j\u00e1 que n\u00e3o foi s\u00f3 o bairro que se dividiu e sim as pessoas. Mais tarde, Julieta fica feliz que Romeu aceitou sua solicita\u00e7\u00e3o de amizade nas redes sociais; ela manda mensagem para encontrar com ele no jardim da fonte. Pedalzera decide deixar Dimitri entrar no grupo. Para conseguir sair com Julieta, Romeu mente para Vera e Bernardo afirmando que vai at\u00e9 a casa de Alex. <\/p>\n<p>Vera dificuldade Romeu sair de casa. Pedalzera mostra o esconderijo para Dimitri e d\u00e3o um novo apelido para o novato: Rodinha. Julieta fica esperando na fonte e conhece Bass\u00e2nio, que mora na barraca nesse mesmo jardim. Vera fica preocupada com as amizades de Romeu. Ellen fica chateada com Karen e L\u00edvia tenta confort\u00e1-la; L\u00edvia diz que desde que o papai morreu Karen ficou implicante. Mari e Amanda percebem a queda de clientes no Armaz\u00e9m. Bass\u00e2nio tenta aconselhar Julieta sobre a espera por Romeu e eles viram grandes amigos. Patrick pede dicas para T\u00e9o e L\u00edvia para conquistar Julieta. Romeu chega at\u00e9 a fonte e encontra Bass\u00e2nio; ele explica que Julieta foi embora chateada do local.<\/p>\n<p>(*) edi\u00e7\u00e3o das novelas do SBT, \u201cA Inf\u00e2ncia de Romeu e Julieta\u201d, sujeito a altera\u00e7\u00e3o de data e conte\u00fado.<\/p>\n<p>Sinopse \u201cA Inf\u00e2ncia de Romeu e Julieta\u201d: A Trama se passa no bairro chamado castanheiras, em que duas fam\u00edlias com propostas diferentes para esse bairro vivem em disc\u00f3rdia, sendo divididas entre os lados Torre (Campos) e Vila (Monteiro).[6] Entretanto, Romeu (Miguel \u00c2ngelo) e Julieta (Vitt\u00f3ria Seixas) se conhecem, da\u00ed em diante, as fam\u00edlias rivais t\u00eam uma nova oportunidade de trazer paz e uni\u00e3o entre o conv\u00edvio deles. <\/p>\n<p>Romeu e Julieta n\u00e3o sabem como v\u00e3o fazer para ficarem juntos. A not\u00edcia do romance chega \u00e0s fam\u00edlias, que n\u00e3o gostam nada da hist\u00f3ria e tratam de afasta-los imediatamente, aprontando v\u00e1rias situa\u00e7\u00f5es. Romeu e Julieta querem acabar com essa hostilidade e tentam ir atr\u00e1s de uma solu\u00e7\u00e3o, mas ao descobrirem mais sobre a hist\u00f3ria de seus pais, percebem que pode ser imposs\u00edvel.<\/p>\n","protected":false},"excerpt":{"rendered":"<p>Resumo da novela \u201cA Inf\u00e2ncia de Romeu e Julieta\u201d em 18\/05: no cap\u00edtulo 009(*) da novela, Juli diz aos amigos que os cartazes que implementaram no Monter Mercado podem piorar com a rivalidade da fam\u00edlia. Mari chega na conversa e pergunta o que Vera est\u00e1 implicando com as crian\u00e7as. Vera mostra or\u00e7amento para a limpeza [&hellip;]<\/p>\n","protected":false},"author":4,"featured_media":232241,"comment_status":"closed","ping_status":"closed","sticky":false,"template":"","format":"standard","meta":{"tdm_status":"","tdm_grid_status":"","footnotes":""},"categories":[2306,379,2025,372,343],"tags":[441],"class_list":{"0":"post-232680","1":"post","2":"type-post","3":"status-publish","4":"format-standard","5":"has-post-thumbnail","7":"category-novela-romeu-e-julieta","8":"category-novelas","9":"category-resumo","10":"category-sbt","11":"category-televisao","12":"tag-resumo-do-dia"},"_links":{"self":[{"href":"https:\/\/migracao.redenoticia.com.br\/noticia\/wp-json\/wp\/v2\/posts\/232680","targetHints":{"allow":["GET"]}}],"collection":[{"href":"https:\/\/migracao.redenoticia.com.br\/noticia\/wp-json\/wp\/v2\/posts"}],"about":[{"href":"https:\/\/migracao.redenoticia.com.br\/noticia\/wp-json\/wp\/v2\/types\/post"}],"author":[{"embeddable":true,"href":"https:\/\/migracao.redenoticia.com.br\/noticia\/wp-json\/wp\/v2\/users\/4"}],"replies":[{"embeddable":true,"href":"https:\/\/migracao.redenoticia.com.br\/noticia\/wp-json\/wp\/v2\/comments?post=232680"}],"version-history":[{"count":0,"href":"https:\/\/migracao.redenoticia.com.br\/noticia\/wp-json\/wp\/v2\/posts\/232680\/revisions"}],"wp:featuredmedia":[{"embeddable":true,"href":"https:\/\/migracao.redenoticia.com.br\/noticia\/wp-json\/wp\/v2\/media\/232241"}],"wp:attachment":[{"href":"https:\/\/migracao.redenoticia.com.br\/noticia\/wp-json\/wp\/v2\/media?parent=232680"}],"wp:term":[{"taxonomy":"category","embeddable":true,"href":"https:\/\/migracao.redenoticia.com.br\/noticia\/wp-json\/wp\/v2\/categories?post=232680"},{"taxonomy":"post_tag","embeddable":true,"href":"https:\/\/migracao.redenoticia.com.br\/noticia\/wp-json\/wp\/v2\/tags?post=232680"}],"curies":[{"name":"wp","href":"https:\/\/api.w.org\/{rel}","templated":true}]}}