{"id":232804,"date":"2023-05-20T18:27:30","date_gmt":"2023-05-20T21:27:30","guid":{"rendered":"https:\/\/www.redenoticia.com.br\/noticia\/?p=232804"},"modified":"2023-05-20T18:27:30","modified_gmt":"2023-05-20T21:27:30","slug":"resumo-vai-na-fe-22-05-rubens-ameaca-lumiar","status":"publish","type":"post","link":"https:\/\/migracao.redenoticia.com.br\/noticia\/2023\/resumo-vai-na-fe-22-05-rubens-ameaca-lumiar\/232804","title":{"rendered":"Resumo \u201cVai na F\u00e9\u201d 22\/05: Rubens amea\u00e7a Lumiar"},"content":{"rendered":"<p> <img loading=\"lazy\" decoding=\"async\" class=\"aligncenter size-full wp-image-228023\" src=\"https:\/\/migracao.redenoticia.com.br\/noticia\/imagens\/vai-na-fe-elenco-resumo-personagens.jpg\" alt=\"\" width=\"1280\" height=\"720\" srcset=\"https:\/\/migracao.redenoticia.com.br\/noticia\/imagens\/vai-na-fe-elenco-resumo-personagens.jpg 1280w, https:\/\/migracao.redenoticia.com.br\/noticia\/imagens\/vai-na-fe-elenco-resumo-personagens-250x140.jpg 250w, https:\/\/migracao.redenoticia.com.br\/noticia\/imagens\/vai-na-fe-elenco-resumo-personagens-400x225.jpg 400w, https:\/\/migracao.redenoticia.com.br\/noticia\/imagens\/vai-na-fe-elenco-resumo-personagens-768x432.jpg 768w, https:\/\/migracao.redenoticia.com.br\/noticia\/imagens\/vai-na-fe-elenco-resumo-personagens-150x84.jpg 150w\" sizes=\"auto, (max-width: 1280px) 100vw, 1280px\" \/><\/p>\n<p><strong><em>Resumo da novela \u201cVai na F\u00e9\u201d<\/em><\/strong> em 22\/05: no cap\u00edtulo 109(*) da novela, Geremias morre, e Lumiar fica arrasada. Dora e F\u00e1bio se animam com a chegada de Lui. Jenifer avisa \u00e0 Sol que mudar\u00e1 seu registro de nascimento. Dora fala com Mauri, seu oncologista. Rubens, um atirador, segue Lumiar no Icaes. Guiga alerta Lumiar sobre a fuga de Em\u00edlio. <\/p>\n<p>Lui se solidariza com Dora. Lumiar consegue com Orfeu parte da senha de acesso para as provas do caso de Geremias. Vitinho acerta com Renata e Pl\u00ednio de fazer um reality sobre o dia a dia de Lui com a banda. Vitinho comunica \u00e0 banda sobre o reality. Sol conversa com Bruna sobre Lui. Lui e Jade se aproximam. Rubens amea\u00e7a Lumiar. Yuri ajuda Lumiar a encontrar a outra parte da senha de Geremias. Lumiar sofre um atentado, e Theo tenta lhe proteger.<\/p>\n<p>(*) edi\u00e7\u00e3o das novelas da Globo, \u201cVai na F\u00e9\u201d, sujeito a altera\u00e7\u00e3o de data e conte\u00fado.<\/p>\n<p>Sinopse \u201cVai na F\u00e9\u201d: Sol abandonou o sonho de ser cantora para se tornar evang\u00e9lica e casar com Carl\u00e3o, por\u00e9m, 20 anos depois, a vida lhe d\u00e1 uma nova chance quando ela recebe o convite para ser backing vocal do cantor decadente Lui Lorenzo ao ser descoberta cantando para vender marmitas no centro do Rio de Janeiro.<\/p>\n<p>Com duas filhas para criar e o marido desempregado, ela aceita, por\u00e9m a decis\u00e3o vira sua vida do avesso: ela ganha cada vez mais fama e passa a ser hostilizada na igreja, al\u00e9m de enfrentar a paix\u00e3o de Lui e o reencontro com Ben, seu grande amor de juventude que nunca a esqueceu. Filha de Sol, Jeniffer ganha uma bolsa de estudos numa conceituada faculdade, onde tem de enfrentar as persegui\u00e7\u00f5es da preconceituosa influenciadora digital Guiga e a paix\u00e3o de Yuri, apesar dela namorar Tato.<\/p>\n","protected":false},"excerpt":{"rendered":"<p>Resumo da novela \u201cVai na F\u00e9\u201d em 22\/05: no cap\u00edtulo 109(*) da novela, Geremias morre, e Lumiar fica arrasada. Dora e F\u00e1bio se animam com a chegada de Lui. Jenifer avisa \u00e0 Sol que mudar\u00e1 seu registro de nascimento. Dora fala com Mauri, seu oncologista. Rubens, um atirador, segue Lumiar no Icaes. Guiga alerta Lumiar [&hellip;]<\/p>\n","protected":false},"author":2,"featured_media":228022,"comment_status":"closed","ping_status":"closed","sticky":false,"template":"","format":"standard","meta":{"tdm_status":"","tdm_grid_status":"","footnotes":""},"categories":[379,375,2025,343,2294],"tags":[441],"class_list":{"0":"post-232804","1":"post","2":"type-post","3":"status-publish","4":"format-standard","5":"has-post-thumbnail","7":"category-novelas","8":"category-rede-globo","9":"category-resumo","10":"category-televisao","11":"category-vai-na-fe","12":"tag-resumo-do-dia"},"_links":{"self":[{"href":"https:\/\/migracao.redenoticia.com.br\/noticia\/wp-json\/wp\/v2\/posts\/232804","targetHints":{"allow":["GET"]}}],"collection":[{"href":"https:\/\/migracao.redenoticia.com.br\/noticia\/wp-json\/wp\/v2\/posts"}],"about":[{"href":"https:\/\/migracao.redenoticia.com.br\/noticia\/wp-json\/wp\/v2\/types\/post"}],"author":[{"embeddable":true,"href":"https:\/\/migracao.redenoticia.com.br\/noticia\/wp-json\/wp\/v2\/users\/2"}],"replies":[{"embeddable":true,"href":"https:\/\/migracao.redenoticia.com.br\/noticia\/wp-json\/wp\/v2\/comments?post=232804"}],"version-history":[{"count":0,"href":"https:\/\/migracao.redenoticia.com.br\/noticia\/wp-json\/wp\/v2\/posts\/232804\/revisions"}],"wp:featuredmedia":[{"embeddable":true,"href":"https:\/\/migracao.redenoticia.com.br\/noticia\/wp-json\/wp\/v2\/media\/228022"}],"wp:attachment":[{"href":"https:\/\/migracao.redenoticia.com.br\/noticia\/wp-json\/wp\/v2\/media?parent=232804"}],"wp:term":[{"taxonomy":"category","embeddable":true,"href":"https:\/\/migracao.redenoticia.com.br\/noticia\/wp-json\/wp\/v2\/categories?post=232804"},{"taxonomy":"post_tag","embeddable":true,"href":"https:\/\/migracao.redenoticia.com.br\/noticia\/wp-json\/wp\/v2\/tags?post=232804"}],"curies":[{"name":"wp","href":"https:\/\/api.w.org\/{rel}","templated":true}]}}