{"id":232845,"date":"2023-05-21T14:16:37","date_gmt":"2023-05-21T17:16:37","guid":{"rendered":"https:\/\/www.redenoticia.com.br\/noticia\/?p=232845"},"modified":"2023-05-21T14:16:37","modified_gmt":"2023-05-21T17:16:37","slug":"resumo-a-infancia-de-romeu-e-julieta-22-05-julieta-recebe-video-da-festa-de-rosalina","status":"publish","type":"post","link":"https:\/\/migracao.redenoticia.com.br\/noticia\/2023\/resumo-a-infancia-de-romeu-e-julieta-22-05-julieta-recebe-video-da-festa-de-rosalina\/232845","title":{"rendered":"Resumo \u201cA Inf\u00e2ncia de Romeu e Julieta\u201d 22\/05: Julieta recebe v\u00eddeo da festa de Rosalina"},"content":{"rendered":"<p> <img loading=\"lazy\" decoding=\"async\" src=\"https:\/\/migracao.redenoticia.com.br\/noticia\/imagens\/novela-romeu-e-julieta-sbt-elenco-resumo.jpg\" alt=\"\" width=\"1280\" height=\"720\" class=\"aligncenter size-full wp-image-232242\" srcset=\"https:\/\/migracao.redenoticia.com.br\/noticia\/imagens\/novela-romeu-e-julieta-sbt-elenco-resumo.jpg 1280w, https:\/\/migracao.redenoticia.com.br\/noticia\/imagens\/novela-romeu-e-julieta-sbt-elenco-resumo-250x140.jpg 250w, https:\/\/migracao.redenoticia.com.br\/noticia\/imagens\/novela-romeu-e-julieta-sbt-elenco-resumo-400x225.jpg 400w, https:\/\/migracao.redenoticia.com.br\/noticia\/imagens\/novela-romeu-e-julieta-sbt-elenco-resumo-768x432.jpg 768w, https:\/\/migracao.redenoticia.com.br\/noticia\/imagens\/novela-romeu-e-julieta-sbt-elenco-resumo-150x84.jpg 150w\" sizes=\"auto, (max-width: 1280px) 100vw, 1280px\" \/><\/p>\n<p><strong><em>Resumo da novela \u201cA Inf\u00e2ncia de Romeu e Julieta\u201d<\/em><\/strong> em 22\/05: no cap\u00edtulo 011(*) da novela, Rosalina chama Romeu para um jantar em comemora\u00e7\u00e3o ao anivers\u00e1rio dela. Glaucia apresenta sua ideia de empresa de moda para Leandro e Bernardo. Na Holding, Fausto invade a reuni\u00e3o e diz que deseja mostrar seu projeto cultural para a fam\u00edlia Monteiro. Nath e Ian v\u00e3o at\u00e9 a estufa de Clara, observam a senhora com um caldeir\u00e3o e acham que ela \u00e9 uma bruxa. Em um bate-papo com Vera e P\u00f3rcia, Bass\u00e2nio comenta com a dona da Monter Mercado que P\u00f3rcia nem o cumprimentou quando foi atendido pela jovem. <\/p>\n<p>Vera explica para Bass\u00e2nio que P\u00f3rcia \u00e9 surda. Julieta observa Bernardo e Vera a caminho de casa e segue o casal para descobrir o endere\u00e7o da resid\u00eancia de Romeu. Alex e Karen esbarram com Julieta no Lado Torre e pedem para ela voltar para o Lado Vila. Daniel senta com Julieta e conta a vers\u00e3o dele sobre o passado com a fam\u00edlia Monteiro. Daniel revela que tamb\u00e9m fez um trabalho para os rivais e acabou causando um incidente. T\u00e9o e L\u00edvia comemoram os dois meses de namoro no restaurante que Daniel trabalha. <\/p>\n<p>Romeu, Rosalina, Alex, Nando e Karen aparecem no mesmo restaurante para celebrar o anivers\u00e1rio de Rosalina. Alex debocha por que L\u00edvia e T\u00e9o comem hamb\u00farguer em um local chique. Rosalina pergunta se Romeu quer dividir um fil\u00e9 mignon com ela. Os amigos de Romeu cantam parab\u00e9ns para Rosalina, e L\u00edvia grava o momento para enviar a Julieta. Na hora do \u201ccom quem ser\u00e1 que Rosalina vai casar\u201d, os amigos mencionam o nome de Romeu. Julieta recebe o v\u00eddeo de L\u00edvia. Alex derruba um copo de suco em cima de T\u00e9o.<\/p>\n<p>(*) edi\u00e7\u00e3o das novelas do SBT, \u201cA Inf\u00e2ncia de Romeu e Julieta\u201d, sujeito a altera\u00e7\u00e3o de data e conte\u00fado.<\/p>\n<p>Sinopse \u201cA Inf\u00e2ncia de Romeu e Julieta\u201d: A Trama se passa no bairro chamado castanheiras, em que duas fam\u00edlias com propostas diferentes para esse bairro vivem em disc\u00f3rdia, sendo divididas entre os lados Torre (Campos) e Vila (Monteiro).[6] Entretanto, Romeu (Miguel \u00c2ngelo) e Julieta (Vitt\u00f3ria Seixas) se conhecem, da\u00ed em diante, as fam\u00edlias rivais t\u00eam uma nova oportunidade de trazer paz e uni\u00e3o entre o conv\u00edvio deles. <\/p>\n<p>Romeu e Julieta n\u00e3o sabem como v\u00e3o fazer para ficarem juntos. A not\u00edcia do romance chega \u00e0s fam\u00edlias, que n\u00e3o gostam nada da hist\u00f3ria e tratam de afasta-los imediatamente, aprontando v\u00e1rias situa\u00e7\u00f5es. Romeu e Julieta querem acabar com essa hostilidade e tentam ir atr\u00e1s de uma solu\u00e7\u00e3o, mas ao descobrirem mais sobre a hist\u00f3ria de seus pais, percebem que pode ser imposs\u00edvel.<\/p>\n","protected":false},"excerpt":{"rendered":"<p>Resumo da novela \u201cA Inf\u00e2ncia de Romeu e Julieta\u201d em 22\/05: no cap\u00edtulo 011(*) da novela, Rosalina chama Romeu para um jantar em comemora\u00e7\u00e3o ao anivers\u00e1rio dela. Glaucia apresenta sua ideia de empresa de moda para Leandro e Bernardo. Na Holding, Fausto invade a reuni\u00e3o e diz que deseja mostrar seu projeto cultural para a [&hellip;]<\/p>\n","protected":false},"author":4,"featured_media":232241,"comment_status":"closed","ping_status":"closed","sticky":false,"template":"","format":"standard","meta":{"tdm_status":"","tdm_grid_status":"","footnotes":""},"categories":[2306,379,2025,372,343],"tags":[441],"class_list":{"0":"post-232845","1":"post","2":"type-post","3":"status-publish","4":"format-standard","5":"has-post-thumbnail","7":"category-novela-romeu-e-julieta","8":"category-novelas","9":"category-resumo","10":"category-sbt","11":"category-televisao","12":"tag-resumo-do-dia"},"_links":{"self":[{"href":"https:\/\/migracao.redenoticia.com.br\/noticia\/wp-json\/wp\/v2\/posts\/232845","targetHints":{"allow":["GET"]}}],"collection":[{"href":"https:\/\/migracao.redenoticia.com.br\/noticia\/wp-json\/wp\/v2\/posts"}],"about":[{"href":"https:\/\/migracao.redenoticia.com.br\/noticia\/wp-json\/wp\/v2\/types\/post"}],"author":[{"embeddable":true,"href":"https:\/\/migracao.redenoticia.com.br\/noticia\/wp-json\/wp\/v2\/users\/4"}],"replies":[{"embeddable":true,"href":"https:\/\/migracao.redenoticia.com.br\/noticia\/wp-json\/wp\/v2\/comments?post=232845"}],"version-history":[{"count":0,"href":"https:\/\/migracao.redenoticia.com.br\/noticia\/wp-json\/wp\/v2\/posts\/232845\/revisions"}],"wp:featuredmedia":[{"embeddable":true,"href":"https:\/\/migracao.redenoticia.com.br\/noticia\/wp-json\/wp\/v2\/media\/232241"}],"wp:attachment":[{"href":"https:\/\/migracao.redenoticia.com.br\/noticia\/wp-json\/wp\/v2\/media?parent=232845"}],"wp:term":[{"taxonomy":"category","embeddable":true,"href":"https:\/\/migracao.redenoticia.com.br\/noticia\/wp-json\/wp\/v2\/categories?post=232845"},{"taxonomy":"post_tag","embeddable":true,"href":"https:\/\/migracao.redenoticia.com.br\/noticia\/wp-json\/wp\/v2\/tags?post=232845"}],"curies":[{"name":"wp","href":"https:\/\/api.w.org\/{rel}","templated":true}]}}