{"id":23285,"date":"2010-02-15T10:20:22","date_gmt":"2010-02-15T14:20:22","guid":{"rendered":"http:\/\/www.redenoticia.com.br\/noticia\/?p=23285"},"modified":"2010-02-15T10:31:35","modified_gmt":"2010-02-15T14:31:35","slug":"prouni-2010-resultado-da-pre-selecao","status":"publish","type":"post","link":"https:\/\/migracao.redenoticia.com.br\/noticia\/2010\/prouni-2010-resultado-da-pre-selecao\/23285","title":{"rendered":"ProUni 2010 &#8211; matricula come\u00e7a dia 17\/02"},"content":{"rendered":"<p><strong><em><img loading=\"lazy\" decoding=\"async\" class=\"alignleft size-full wp-image-23011\" title=\"prouni inscricao\" src=\"https:\/\/migracao.redenoticia.com.br\/noticia\/imagens\/prouni-inscricao.jpg\" alt=\"\" width=\"300\" height=\"193\" srcset=\"https:\/\/migracao.redenoticia.com.br\/noticia\/imagens\/prouni-inscricao.jpg 300w, https:\/\/migracao.redenoticia.com.br\/noticia\/imagens\/prouni-inscricao-250x160.jpg 250w, https:\/\/migracao.redenoticia.com.br\/noticia\/imagens\/prouni-inscricao-150x96.jpg 150w\" sizes=\"auto, (max-width: 300px) 100vw, 300px\" \/>ProUni 2010 &#8211; Resultado <span style=\"font-weight: normal;\"><span style=\"font-style: normal;\">da pr\u00e9-sele\u00e7\u00e3o:<\/span><\/span><\/em><\/strong>\u00a0O resultado da pr\u00e9-sele\u00e7\u00e3o da primeira etapa de inscri\u00e7\u00f5es ao Programa Universidade para Todos (ProUni) estar\u00e1 dispon\u00edvel a partir das 6h (hor\u00e1rio de Bras\u00edlia) deste s\u00e1bado, 13. Para saber se foi inclu\u00eddo, o candidato deve acessar a <a href=\"http:\/\/siteprouni.mec.gov.br\/\" target=\"_blank\">p\u00e1gina (Clique Aqui)<\/a> do ProUni e informar o seu n\u00famero de inscri\u00e7\u00e3o no Exame Nacional do Ensino M\u00e9dio (Enem) e seu n\u00famero no Cadastro de Pessoa F\u00edsica (CPF). Os 148.327 estudantes pr\u00e9-selecionados t\u00eam prazo de 17 a 26 de fevereiro para comparecer \u00e0 institui\u00e7\u00e3o de ensino e comprovar as informa\u00e7\u00f5es declaradas na inscri\u00e7\u00e3o e efetuar a <strong><em>matricula<\/em><\/strong>.<br \/>\nO bolsista parcial de 50% do ProUni pode utilizar o FIES para custear a parte da mensalidade n\u00e3o coberta pela bolsa de estudo. Assim, n\u00e3o precisa arcar com os custos de sua forma\u00e7\u00e3o enquanto est\u00e1 na universidade. Para obter o FIES, n\u00e3o h\u00e1 necessidade de passar por processo seletivo para o financiamento. Basta que o bolsista parcial de 50% esteja matriculado em institui\u00e7\u00e3o e curso que participe desse Programa e que solicite o financiamento, no sistema do FIES, no per\u00edodo definido pelo MEC.\u00a0<\/p>\n<p>Nesse processo seletivo s\u00e3o ofertadas 165 mil bolsas de estudo, sendo 86 mil integrais e 79 mil parciais (50% da mensalidade). Os estudantes que n\u00e3o foram pr\u00e9-selecionados ter\u00e3o uma segunda oportunidade e poder\u00e3o se inscrever na segunda etapa de inscri\u00e7\u00f5es, que ser\u00e1 de 4 a 7 de mar\u00e7o.<\/p>\n<p>Est\u00e3o credenciadas a participar do processo seletivo as institui\u00e7\u00f5es de ensino superior que firmaram o Termo de Ades\u00e3o ao ProUni ou que emitiram Termo\u00a0Aditivo \u00e0 ades\u00e3o, no caso das institui\u00e7\u00f5es j\u00e1 participantes do programa. As institui\u00e7\u00f5es divulgaram o n\u00famero de bolsas integrais e parciais dispon\u00edveis em cada curso e turno de cada campus ou unidade administrativa.<\/p>\n<p>ProUni 2010 &#8211; Resultado da pr\u00e9-sele\u00e7\u00e3o<\/p>\n","protected":false},"excerpt":{"rendered":"<p>ProUni 2010 &#8211; Resultado da pr\u00e9-sele\u00e7\u00e3o:\u00a0O resultado da pr\u00e9-sele\u00e7\u00e3o da primeira etapa de inscri\u00e7\u00f5es ao Programa Universidade para Todos (ProUni) estar\u00e1 dispon\u00edvel a partir das 6h (hor\u00e1rio de Bras\u00edlia) deste s\u00e1bado, 13. Para saber se foi inclu\u00eddo, o candidato deve acessar a p\u00e1gina (Clique Aqui) do ProUni e informar o seu n\u00famero de inscri\u00e7\u00e3o no [&hellip;]<\/p>\n","protected":false},"author":3,"featured_media":23011,"comment_status":"open","ping_status":"open","sticky":false,"template":"","format":"standard","meta":{"tdm_status":"","tdm_grid_status":"","footnotes":""},"categories":[22,370,295],"tags":[],"class_list":{"0":"post-23285","1":"post","2":"type-post","3":"status-publish","4":"format-standard","5":"has-post-thumbnail","7":"category-brasil","8":"category-inscricao","9":"category-vestibular"},"_links":{"self":[{"href":"https:\/\/migracao.redenoticia.com.br\/noticia\/wp-json\/wp\/v2\/posts\/23285","targetHints":{"allow":["GET"]}}],"collection":[{"href":"https:\/\/migracao.redenoticia.com.br\/noticia\/wp-json\/wp\/v2\/posts"}],"about":[{"href":"https:\/\/migracao.redenoticia.com.br\/noticia\/wp-json\/wp\/v2\/types\/post"}],"author":[{"embeddable":true,"href":"https:\/\/migracao.redenoticia.com.br\/noticia\/wp-json\/wp\/v2\/users\/3"}],"replies":[{"embeddable":true,"href":"https:\/\/migracao.redenoticia.com.br\/noticia\/wp-json\/wp\/v2\/comments?post=23285"}],"version-history":[{"count":0,"href":"https:\/\/migracao.redenoticia.com.br\/noticia\/wp-json\/wp\/v2\/posts\/23285\/revisions"}],"wp:featuredmedia":[{"embeddable":true,"href":"https:\/\/migracao.redenoticia.com.br\/noticia\/wp-json\/wp\/v2\/media\/23011"}],"wp:attachment":[{"href":"https:\/\/migracao.redenoticia.com.br\/noticia\/wp-json\/wp\/v2\/media?parent=23285"}],"wp:term":[{"taxonomy":"category","embeddable":true,"href":"https:\/\/migracao.redenoticia.com.br\/noticia\/wp-json\/wp\/v2\/categories?post=23285"},{"taxonomy":"post_tag","embeddable":true,"href":"https:\/\/migracao.redenoticia.com.br\/noticia\/wp-json\/wp\/v2\/tags?post=23285"}],"curies":[{"name":"wp","href":"https:\/\/api.w.org\/{rel}","templated":true}]}}