{"id":232850,"date":"2023-05-22T12:03:23","date_gmt":"2023-05-22T15:03:23","guid":{"rendered":"https:\/\/www.redenoticia.com.br\/noticia\/?p=232850"},"modified":"2023-05-22T12:03:23","modified_gmt":"2023-05-22T15:03:23","slug":"resumo-terra-e-paixao-23-05-daniel-assume-que-nao-quer-se-casar-com-graca","status":"publish","type":"post","link":"https:\/\/migracao.redenoticia.com.br\/noticia\/2023\/resumo-terra-e-paixao-23-05-daniel-assume-que-nao-quer-se-casar-com-graca\/232850","title":{"rendered":"Resumo &#8220;Terra e Paix\u00e3o&#8221; 23\/05: Daniel assume que n\u00e3o quer se casar com Gra\u00e7a"},"content":{"rendered":"<p> <img loading=\"lazy\" decoding=\"async\" src=\"https:\/\/migracao.redenoticia.com.br\/noticia\/imagens\/novela-terra-e-paixao-resumo.jpg\" alt=\"\" width=\"1280\" height=\"720\" class=\"aligncenter size-full wp-image-231930\" srcset=\"https:\/\/migracao.redenoticia.com.br\/noticia\/imagens\/novela-terra-e-paixao-resumo.jpg 1280w, https:\/\/migracao.redenoticia.com.br\/noticia\/imagens\/novela-terra-e-paixao-resumo-250x140.jpg 250w, https:\/\/migracao.redenoticia.com.br\/noticia\/imagens\/novela-terra-e-paixao-resumo-400x225.jpg 400w, https:\/\/migracao.redenoticia.com.br\/noticia\/imagens\/novela-terra-e-paixao-resumo-768x432.jpg 768w, https:\/\/migracao.redenoticia.com.br\/noticia\/imagens\/novela-terra-e-paixao-resumo-150x84.jpg 150w\" sizes=\"auto, (max-width: 1280px) 100vw, 1280px\" \/> <\/p>\n<p><strong><em>Resumo da novela &#8220;Terra e Paix\u00e3o&#8221;<\/em><\/strong> em 23\/05: no cap\u00edtulo 014(*) da novela, Irene disfar\u00e7a quando Luana entra no quarto. Daniel pergunta a Aline se ela est\u00e1 namorando Jonatas. Kelvin sugere que ningu\u00e9m deixe C\u00e2ndida sozinha com Irene. Ademir garante a Caio que Ant\u00f4nio quer prejudicar o filho. <\/p>\n<p>Anely aconselha Luigi a fugir, depois de contar ao italiano que Daniel est\u00e1 com os n\u00fameros do cart\u00e3o dele. Menah percebe que Jonatas gosta de Aline. Ant\u00f4nio prop\u00f5e a Luigi que o italiano ajude Petra a se curar, em troca de uma boa coloca\u00e7\u00e3o de emprego. Gra\u00e7a reclama com os pais da falta de aten\u00e7\u00e3o de Daniel. Daniel n\u00e3o gosta da decis\u00e3o de Ant\u00f4nio sobre Luigi e avisa ao italiano que ficar\u00e1 de olho nele. <\/p>\n<p>Daniel confessa a Caio que n\u00e3o quer se casar com Gra\u00e7a. Tadeu pede a Enzo que descubra quem \u00e9 a mulher com quem ele fala no hot site. Caio aconselha Daniel a se declarar para a mulher por quem ele est\u00e1 apaixonado.<\/p>\n<p>(*) edi\u00e7\u00e3o das novelas da Globo, &#8220;Terra e Paix\u00e3o&#8221;, sujeito a altera\u00e7\u00e3o de data e conte\u00fado.<\/p>\n<p>Sinopse &#8220;Terra e Paix\u00e3o&#8221;: Aline vive ao lado do marido Samuel e do filho Jo\u00e3o. Ap\u00f3s um atentado em sua casa, v\u00ea-se sozinha com o menino diante das terras deixadas pelo marido. Aline aprende a plantar com a ajuda de Jonatas, um amigo fiel. Al\u00e9m de contar com ele, tem ao seu lado sua m\u00e3e. Aline se aproxima dos irm\u00e3os Caio e Daniel, filhos do poderoso fazendeiro Ant\u00f4nio, com quem precisa brigar para manter suas terras. Ao lado dos dois rapazes, descobre sentimentos novos. Ant\u00f4nio La Selva \u00e9 casado com Irene com quem tem dois filhos, Daniel e Petra. Ele foi muito apaixonado por Agatha, com quem teve Caio, e culpa o rapaz pela morte da m\u00e3e no pr\u00e9-parto. <\/p>\n","protected":false},"excerpt":{"rendered":"<p>Resumo da novela &#8220;Terra e Paix\u00e3o&#8221; em 23\/05: no cap\u00edtulo 014(*) da novela, Irene disfar\u00e7a quando Luana entra no quarto. Daniel pergunta a Aline se ela est\u00e1 namorando Jonatas. Kelvin sugere que ningu\u00e9m deixe C\u00e2ndida sozinha com Irene. Ademir garante a Caio que Ant\u00f4nio quer prejudicar o filho. Anely aconselha Luigi a fugir, depois de [&hellip;]<\/p>\n","protected":false},"author":2,"featured_media":231928,"comment_status":"closed","ping_status":"closed","sticky":false,"template":"","format":"standard","meta":{"tdm_status":"","tdm_grid_status":"","footnotes":""},"categories":[379,375,2025,343,2305],"tags":[441],"class_list":{"0":"post-232850","1":"post","2":"type-post","3":"status-publish","4":"format-standard","5":"has-post-thumbnail","7":"category-novelas","8":"category-rede-globo","9":"category-resumo","10":"category-televisao","11":"category-terra-e-paixao","12":"tag-resumo-do-dia"},"_links":{"self":[{"href":"https:\/\/migracao.redenoticia.com.br\/noticia\/wp-json\/wp\/v2\/posts\/232850","targetHints":{"allow":["GET"]}}],"collection":[{"href":"https:\/\/migracao.redenoticia.com.br\/noticia\/wp-json\/wp\/v2\/posts"}],"about":[{"href":"https:\/\/migracao.redenoticia.com.br\/noticia\/wp-json\/wp\/v2\/types\/post"}],"author":[{"embeddable":true,"href":"https:\/\/migracao.redenoticia.com.br\/noticia\/wp-json\/wp\/v2\/users\/2"}],"replies":[{"embeddable":true,"href":"https:\/\/migracao.redenoticia.com.br\/noticia\/wp-json\/wp\/v2\/comments?post=232850"}],"version-history":[{"count":0,"href":"https:\/\/migracao.redenoticia.com.br\/noticia\/wp-json\/wp\/v2\/posts\/232850\/revisions"}],"wp:featuredmedia":[{"embeddable":true,"href":"https:\/\/migracao.redenoticia.com.br\/noticia\/wp-json\/wp\/v2\/media\/231928"}],"wp:attachment":[{"href":"https:\/\/migracao.redenoticia.com.br\/noticia\/wp-json\/wp\/v2\/media?parent=232850"}],"wp:term":[{"taxonomy":"category","embeddable":true,"href":"https:\/\/migracao.redenoticia.com.br\/noticia\/wp-json\/wp\/v2\/categories?post=232850"},{"taxonomy":"post_tag","embeddable":true,"href":"https:\/\/migracao.redenoticia.com.br\/noticia\/wp-json\/wp\/v2\/tags?post=232850"}],"curies":[{"name":"wp","href":"https:\/\/api.w.org\/{rel}","templated":true}]}}