{"id":232853,"date":"2023-05-22T11:49:17","date_gmt":"2023-05-22T14:49:17","guid":{"rendered":"https:\/\/www.redenoticia.com.br\/noticia\/?p=232853"},"modified":"2023-05-22T11:49:17","modified_gmt":"2023-05-22T14:49:17","slug":"resumo-a-infancia-de-romeu-e-julieta-23-05-nath-elen-e-ian-enfrentam-pedalzera","status":"publish","type":"post","link":"https:\/\/migracao.redenoticia.com.br\/noticia\/2023\/resumo-a-infancia-de-romeu-e-julieta-23-05-nath-elen-e-ian-enfrentam-pedalzera\/232853","title":{"rendered":"Resumo \u201cA Inf\u00e2ncia de Romeu e Julieta\u201d 23\/05: Nath, Elen e Ian enfrentam Pedalzera"},"content":{"rendered":"<p> <img loading=\"lazy\" decoding=\"async\" src=\"https:\/\/migracao.redenoticia.com.br\/noticia\/imagens\/novela-romeu-e-julieta-sbt-elenco-resumo.jpg\" alt=\"\" width=\"1280\" height=\"720\" class=\"aligncenter size-full wp-image-232242\" srcset=\"https:\/\/migracao.redenoticia.com.br\/noticia\/imagens\/novela-romeu-e-julieta-sbt-elenco-resumo.jpg 1280w, https:\/\/migracao.redenoticia.com.br\/noticia\/imagens\/novela-romeu-e-julieta-sbt-elenco-resumo-250x140.jpg 250w, https:\/\/migracao.redenoticia.com.br\/noticia\/imagens\/novela-romeu-e-julieta-sbt-elenco-resumo-400x225.jpg 400w, https:\/\/migracao.redenoticia.com.br\/noticia\/imagens\/novela-romeu-e-julieta-sbt-elenco-resumo-768x432.jpg 768w, https:\/\/migracao.redenoticia.com.br\/noticia\/imagens\/novela-romeu-e-julieta-sbt-elenco-resumo-150x84.jpg 150w\" sizes=\"auto, (max-width: 1280px) 100vw, 1280px\" \/><\/p>\n<p><strong><em>Resumo da novela \u201cA Inf\u00e2ncia de Romeu e Julieta\u201d<\/em><\/strong> em 23\/05: no cap\u00edtulo 012(*) da novela, T\u00e9o fica bravo com Alex por derrubar o suco nele. Alex diz que foi sem querer. Romeu manda Alex pedir desculpa para T\u00e9o, e o amigo nega. Daniel chega para acalmar a situa\u00e7\u00e3o no restaurante. Ap\u00f3s assistir ao v\u00eddeo, Julieta acha que Romeu tem algum romance com Rosalina. Mariana nota que Julieta est\u00e1 avoada e tenta conversar com a filha falando que j\u00e1 perdeu muito tempo com ela e agora quer estar mais presente. Ian, Nath e Ellen pensam em um plano para tentar combater a gangue Pedalzera.<\/p>\n<p>Ian conta para Ellen e Nath que ele tem um amigo imagin\u00e1rio chamado Leon, e elas se interessam pela hist\u00f3ria. Julieta come\u00e7a a se abrir com a m\u00e3e. Mari pergunta se Julieta gosta de algum menino. Julieta questiona se Mariana j\u00e1 amou outro homem al\u00e9m de Daniel. <\/p>\n<p>Amanda aconselha Julieta se esfor\u00e7ar para se aproximar da m\u00e3e. Alex comenta com Romeu que \u00e9 n\u00edtido como ele est\u00e1 caidinho por Julieta. Leandro declara para Glaucia que todos os projetos apresentados foram p\u00e9ssimos. Glaucia diz ao pai que s\u00f3 queria uma chance para investir nela. Nath, Elen e Ian confrontam a gangue Pedalzera e afirmam que n\u00e3o v\u00e3o sair da pracinha deles.<\/p>\n<p>(*) edi\u00e7\u00e3o das novelas do SBT, \u201cA Inf\u00e2ncia de Romeu e Julieta\u201d, sujeito a altera\u00e7\u00e3o de data e conte\u00fado.<\/p>\n<p>Sinopse \u201cA Inf\u00e2ncia de Romeu e Julieta\u201d: A Trama se passa no bairro chamado castanheiras, em que duas fam\u00edlias com propostas diferentes para esse bairro vivem em disc\u00f3rdia, sendo divididas entre os lados Torre (Campos) e Vila (Monteiro).[6] Entretanto, Romeu (Miguel \u00c2ngelo) e Julieta (Vitt\u00f3ria Seixas) se conhecem, da\u00ed em diante, as fam\u00edlias rivais t\u00eam uma nova oportunidade de trazer paz e uni\u00e3o entre o conv\u00edvio deles. <\/p>\n<p>Romeu e Julieta n\u00e3o sabem como v\u00e3o fazer para ficarem juntos. A not\u00edcia do romance chega \u00e0s fam\u00edlias, que n\u00e3o gostam nada da hist\u00f3ria e tratam de afasta-los imediatamente, aprontando v\u00e1rias situa\u00e7\u00f5es. Romeu e Julieta querem acabar com essa hostilidade e tentam ir atr\u00e1s de uma solu\u00e7\u00e3o, mas ao descobrirem mais sobre a hist\u00f3ria de seus pais, percebem que pode ser imposs\u00edvel.<\/p>\n","protected":false},"excerpt":{"rendered":"<p>Resumo da novela \u201cA Inf\u00e2ncia de Romeu e Julieta\u201d em 23\/05: no cap\u00edtulo 012(*) da novela, T\u00e9o fica bravo com Alex por derrubar o suco nele. Alex diz que foi sem querer. Romeu manda Alex pedir desculpa para T\u00e9o, e o amigo nega. Daniel chega para acalmar a situa\u00e7\u00e3o no restaurante. Ap\u00f3s assistir ao v\u00eddeo, [&hellip;]<\/p>\n","protected":false},"author":2,"featured_media":232241,"comment_status":"closed","ping_status":"closed","sticky":false,"template":"","format":"standard","meta":{"tdm_status":"","tdm_grid_status":"","footnotes":""},"categories":[2306,379,2025,372,343],"tags":[441],"class_list":{"0":"post-232853","1":"post","2":"type-post","3":"status-publish","4":"format-standard","5":"has-post-thumbnail","7":"category-novela-romeu-e-julieta","8":"category-novelas","9":"category-resumo","10":"category-sbt","11":"category-televisao","12":"tag-resumo-do-dia"},"_links":{"self":[{"href":"https:\/\/migracao.redenoticia.com.br\/noticia\/wp-json\/wp\/v2\/posts\/232853","targetHints":{"allow":["GET"]}}],"collection":[{"href":"https:\/\/migracao.redenoticia.com.br\/noticia\/wp-json\/wp\/v2\/posts"}],"about":[{"href":"https:\/\/migracao.redenoticia.com.br\/noticia\/wp-json\/wp\/v2\/types\/post"}],"author":[{"embeddable":true,"href":"https:\/\/migracao.redenoticia.com.br\/noticia\/wp-json\/wp\/v2\/users\/2"}],"replies":[{"embeddable":true,"href":"https:\/\/migracao.redenoticia.com.br\/noticia\/wp-json\/wp\/v2\/comments?post=232853"}],"version-history":[{"count":0,"href":"https:\/\/migracao.redenoticia.com.br\/noticia\/wp-json\/wp\/v2\/posts\/232853\/revisions"}],"wp:featuredmedia":[{"embeddable":true,"href":"https:\/\/migracao.redenoticia.com.br\/noticia\/wp-json\/wp\/v2\/media\/232241"}],"wp:attachment":[{"href":"https:\/\/migracao.redenoticia.com.br\/noticia\/wp-json\/wp\/v2\/media?parent=232853"}],"wp:term":[{"taxonomy":"category","embeddable":true,"href":"https:\/\/migracao.redenoticia.com.br\/noticia\/wp-json\/wp\/v2\/categories?post=232853"},{"taxonomy":"post_tag","embeddable":true,"href":"https:\/\/migracao.redenoticia.com.br\/noticia\/wp-json\/wp\/v2\/tags?post=232853"}],"curies":[{"name":"wp","href":"https:\/\/api.w.org\/{rel}","templated":true}]}}