{"id":232892,"date":"2023-05-23T16:08:46","date_gmt":"2023-05-23T19:08:46","guid":{"rendered":"https:\/\/www.redenoticia.com.br\/noticia\/?p=232892"},"modified":"2023-05-23T16:08:46","modified_gmt":"2023-05-23T19:08:46","slug":"resumo-terra-e-paixao-24-05-ademir-compra-defensivos-para-ajudar-aline","status":"publish","type":"post","link":"https:\/\/migracao.redenoticia.com.br\/noticia\/2023\/resumo-terra-e-paixao-24-05-ademir-compra-defensivos-para-ajudar-aline\/232892","title":{"rendered":"Resumo &#8220;Terra e Paix\u00e3o&#8221; 24\/05: Ademir compra defensivos para ajudar Aline"},"content":{"rendered":"<p> <img loading=\"lazy\" decoding=\"async\" src=\"https:\/\/migracao.redenoticia.com.br\/noticia\/imagens\/novela-terra-e-paixao-resumo.jpg\" alt=\"\" width=\"1280\" height=\"720\" class=\"aligncenter size-full wp-image-231930\" srcset=\"https:\/\/migracao.redenoticia.com.br\/noticia\/imagens\/novela-terra-e-paixao-resumo.jpg 1280w, https:\/\/migracao.redenoticia.com.br\/noticia\/imagens\/novela-terra-e-paixao-resumo-250x140.jpg 250w, https:\/\/migracao.redenoticia.com.br\/noticia\/imagens\/novela-terra-e-paixao-resumo-400x225.jpg 400w, https:\/\/migracao.redenoticia.com.br\/noticia\/imagens\/novela-terra-e-paixao-resumo-768x432.jpg 768w, https:\/\/migracao.redenoticia.com.br\/noticia\/imagens\/novela-terra-e-paixao-resumo-150x84.jpg 150w\" sizes=\"auto, (max-width: 1280px) 100vw, 1280px\" \/> <\/p>\n<p><strong><em>Resumo da novela &#8220;Terra e Paix\u00e3o&#8221;<\/em><\/strong> em 24\/05: no cap\u00edtulo 015(*) da novela, Ruan conta a Ant\u00f4nio que Aline teve que comprar defensivo para acabar com as pragas da planta\u00e7\u00e3o. Daniel diz a Gra\u00e7a que ficar\u00e1 em casa trabalhando e compra ingresso para o show sertanejo com o objetivo de encontrar Aline. Lucinda se oferece para ajudar Aline, sem que Ant\u00f4nio saiba. Luigi amea\u00e7a chamar a pol\u00edcia se Laurita n\u00e3o ajudar Petra a se livrar dos medicamentos. <\/p>\n<p>Ademir aceita o pedido de Lucinda e compra os defensivos em seu nome para ajudar Aline. Aline descobre que Ant\u00f4nio est\u00e1 desviando \u00e1gua de suas terras. Jurec\u00ea avisa a Aline que ela est\u00e1 em perigo. Luana aproveita que o bar est\u00e1 vazio e recebe a visita de um homem misterioso. Irene tenta amenizar a decep\u00e7\u00e3o de Gra\u00e7a por descobrir que Daniel foi ao show sertanejo. Daniel declara seu amor a Aline.<\/p>\n<p>(*) edi\u00e7\u00e3o das novelas da Globo, &#8220;Terra e Paix\u00e3o&#8221;, sujeito a altera\u00e7\u00e3o de data e conte\u00fado.<\/p>\n<p>Sinopse &#8220;Terra e Paix\u00e3o&#8221;: Aline vive ao lado do marido Samuel e do filho Jo\u00e3o. Ap\u00f3s um atentado em sua casa, v\u00ea-se sozinha com o menino diante das terras deixadas pelo marido. Aline aprende a plantar com a ajuda de Jonatas, um amigo fiel. Al\u00e9m de contar com ele, tem ao seu lado sua m\u00e3e. Aline se aproxima dos irm\u00e3os Caio e Daniel, filhos do poderoso fazendeiro Ant\u00f4nio, com quem precisa brigar para manter suas terras. Ao lado dos dois rapazes, descobre sentimentos novos. Ant\u00f4nio La Selva \u00e9 casado com Irene com quem tem dois filhos, Daniel e Petra. Ele foi muito apaixonado por Agatha, com quem teve Caio, e culpa o rapaz pela morte da m\u00e3e no pr\u00e9-parto. <\/p>\n","protected":false},"excerpt":{"rendered":"<p>Resumo da novela &#8220;Terra e Paix\u00e3o&#8221; em 24\/05: no cap\u00edtulo 015(*) da novela, Ruan conta a Ant\u00f4nio que Aline teve que comprar defensivo para acabar com as pragas da planta\u00e7\u00e3o. Daniel diz a Gra\u00e7a que ficar\u00e1 em casa trabalhando e compra ingresso para o show sertanejo com o objetivo de encontrar Aline. Lucinda se oferece [&hellip;]<\/p>\n","protected":false},"author":4,"featured_media":231928,"comment_status":"closed","ping_status":"closed","sticky":false,"template":"","format":"standard","meta":{"tdm_status":"","tdm_grid_status":"","footnotes":""},"categories":[379,375,2025,343,2305],"tags":[441],"class_list":{"0":"post-232892","1":"post","2":"type-post","3":"status-publish","4":"format-standard","5":"has-post-thumbnail","7":"category-novelas","8":"category-rede-globo","9":"category-resumo","10":"category-televisao","11":"category-terra-e-paixao","12":"tag-resumo-do-dia"},"_links":{"self":[{"href":"https:\/\/migracao.redenoticia.com.br\/noticia\/wp-json\/wp\/v2\/posts\/232892","targetHints":{"allow":["GET"]}}],"collection":[{"href":"https:\/\/migracao.redenoticia.com.br\/noticia\/wp-json\/wp\/v2\/posts"}],"about":[{"href":"https:\/\/migracao.redenoticia.com.br\/noticia\/wp-json\/wp\/v2\/types\/post"}],"author":[{"embeddable":true,"href":"https:\/\/migracao.redenoticia.com.br\/noticia\/wp-json\/wp\/v2\/users\/4"}],"replies":[{"embeddable":true,"href":"https:\/\/migracao.redenoticia.com.br\/noticia\/wp-json\/wp\/v2\/comments?post=232892"}],"version-history":[{"count":0,"href":"https:\/\/migracao.redenoticia.com.br\/noticia\/wp-json\/wp\/v2\/posts\/232892\/revisions"}],"wp:featuredmedia":[{"embeddable":true,"href":"https:\/\/migracao.redenoticia.com.br\/noticia\/wp-json\/wp\/v2\/media\/231928"}],"wp:attachment":[{"href":"https:\/\/migracao.redenoticia.com.br\/noticia\/wp-json\/wp\/v2\/media?parent=232892"}],"wp:term":[{"taxonomy":"category","embeddable":true,"href":"https:\/\/migracao.redenoticia.com.br\/noticia\/wp-json\/wp\/v2\/categories?post=232892"},{"taxonomy":"post_tag","embeddable":true,"href":"https:\/\/migracao.redenoticia.com.br\/noticia\/wp-json\/wp\/v2\/tags?post=232892"}],"curies":[{"name":"wp","href":"https:\/\/api.w.org\/{rel}","templated":true}]}}